{"id":996,"date":"2021-02-13T13:17:11","date_gmt":"2021-02-13T13:17:11","guid":{"rendered":"http:\/\/aytoelmaillo.org\/?p=996"},"modified":"2021-02-15T13:24:34","modified_gmt":"2021-02-15T13:24:34","slug":"periodo-de-exposicion-publica-modificacion-puntual-de-las-normas-urbanisticas-minicipales","status":"publish","type":"post","link":"https:\/\/aytoelmaillo.org\/?p=996","title":{"rendered":"(PER\u00cdODO DE EXPOSICI\u00d3N P\u00daBLICA) Modificaci\u00f3n puntual de las Normas Urban\u00edsticas Minicipales"},"content":{"rendered":"<p><span style=\"text-decoration: underline;\">El Ma\u00edlo, 13 de febrero de 2021.-<\/span><\/p>\n<p>Descarga\u00a0 aqu\u00ed la documentaci\u00f3n en PDF:<\/p>\n<p><a href=\"http:\/\/aytoelmaillo.org\/wp-content\/uploads\/2021\/02\/11-FEBRERO-2021-MODIFICACI\u00d3N-PUNTUAL-EL-MAILLO.pdf\"> MODIFICACI\u00d3N PUNTUAL NORMAS URBAN\u00cdSTICAS MUNICIPALES <\/a><\/p>\n","protected":false},"excerpt":{"rendered":"<p>El Ma\u00edlo, 13 de febrero de 2021.- Descarga\u00a0 aqu\u00ed la documentaci\u00f3n en PDF: MODIFICACI\u00d3N PUNTUAL NORMAS URBAN\u00cdSTICAS MUNICIPALES<\/p>\n","protected":false},"author":1,"featured_media":0,"comment_status":"closed","ping_status":"closed","sticky":false,"template":"","format":"standard","meta":{"footnotes":""},"categories":[19],"tags":[],"_links":{"self":[{"href":"https:\/\/aytoelmaillo.org\/index.php?rest_route=\/wp\/v2\/posts\/996"}],"collection":[{"href":"https:\/\/aytoelmaillo.org\/index.php?rest_route=\/wp\/v2\/posts"}],"about":[{"href":"https:\/\/aytoelmaillo.org\/index.php?rest_route=\/wp\/v2\/types\/post"}],"author":[{"embeddable":true,"href":"https:\/\/aytoelmaillo.org\/index.php?rest_route=\/wp\/v2\/users\/1"}],"replies":[{"embeddable":true,"href":"https:\/\/aytoelmaillo.org\/index.php?rest_route=%2Fwp%2Fv2%2Fcomments&post=996"}],"version-history":[{"count":1,"href":"https:\/\/aytoelmaillo.org\/index.php?rest_route=\/wp\/v2\/posts\/996\/revisions"}],"predecessor-version":[{"id":997,"href":"https:\/\/aytoelmaillo.org\/index.php?rest_route=\/wp\/v2\/posts\/996\/revisions\/997"}],"wp:attachment":[{"href":"https:\/\/aytoelmaillo.org\/index.php?rest_route=%2Fwp%2Fv2%2Fmedia&parent=996"}],"wp:term":[{"taxonomy":"category","embeddable":true,"href":"https:\/\/aytoelmaillo.org\/index.php?rest_route=%2Fwp%2Fv2%2Fcategories&post=996"},{"taxonomy":"post_tag","embeddable":true,"href":"https:\/\/aytoelmaillo.org\/index.php?rest_route=%2Fwp%2Fv2%2Ftags&post=996"}],"curies":[{"name":"wp","href":"https:\/\/api.w.org\/{rel}","templated":true}]}}