{"id":957,"date":"2020-06-09T17:02:30","date_gmt":"2020-06-09T17:02:30","guid":{"rendered":"http:\/\/aytoelmaillo.org\/?p=957"},"modified":"2020-06-09T17:03:01","modified_gmt":"2020-06-09T17:03:01","slug":"el-ayuntamiento-de-el-maillo-reabre-la-guarderia","status":"publish","type":"post","link":"https:\/\/aytoelmaillo.org\/?p=957","title":{"rendered":"El Ayuntamiento de El Ma\u00edllo reabre la guarder\u00eda"},"content":{"rendered":"<p><strong>El Ma\u00edllo, 9 junio 2020.- <\/strong>El Ayuntamiento de El Ma\u00edllo ha reabierto la guarder\u00eda municipal desde el 9 de junio de 2020, tras los trabajos de desinfecci\u00f3n practicados, de acuerdo con las medidas que se han de adoptar con el fin de evitar contagios de Covid-19.<\/p>\n<p>Se trata de una guarder\u00eda habilitada para ni\u00f1os de hasta 3 a\u00f1os de edad y en la actualidad cuenta con 4 usuarios.<\/p>\n<p><a href=\"http:\/\/aytoelmaillo.org\/wp-content\/uploads\/2020\/06\/IMG-20200609-WA0002.jpg\"><img decoding=\"async\" loading=\"lazy\" class=\"alignnone size-full wp-image-954\" src=\"http:\/\/aytoelmaillo.org\/wp-content\/uploads\/2020\/06\/IMG-20200609-WA0002.jpg\" alt=\"IMG-20200609-WA0002\" width=\"2048\" height=\"1152\" srcset=\"https:\/\/aytoelmaillo.org\/wp-content\/uploads\/2020\/06\/IMG-20200609-WA0002.jpg 2048w, https:\/\/aytoelmaillo.org\/wp-content\/uploads\/2020\/06\/IMG-20200609-WA0002-300x168.jpg 300w, https:\/\/aytoelmaillo.org\/wp-content\/uploads\/2020\/06\/IMG-20200609-WA0002-1024x576.jpg 1024w, https:\/\/aytoelmaillo.org\/wp-content\/uploads\/2020\/06\/IMG-20200609-WA0002-700x393.jpg 700w\" sizes=\"(max-width: 2048px) 100vw, 2048px\" \/><\/a><\/p>\n<p><a href=\"http:\/\/aytoelmaillo.org\/wp-content\/uploads\/2020\/06\/IMG-20200609-WA0000.jpg\"><img decoding=\"async\" loading=\"lazy\" class=\"alignnone size-full wp-image-955\" src=\"http:\/\/aytoelmaillo.org\/wp-content\/uploads\/2020\/06\/IMG-20200609-WA0000.jpg\" alt=\"IMG-20200609-WA0000\" width=\"1599\" height=\"899\" srcset=\"https:\/\/aytoelmaillo.org\/wp-content\/uploads\/2020\/06\/IMG-20200609-WA0000.jpg 1599w, https:\/\/aytoelmaillo.org\/wp-content\/uploads\/2020\/06\/IMG-20200609-WA0000-300x168.jpg 300w, https:\/\/aytoelmaillo.org\/wp-content\/uploads\/2020\/06\/IMG-20200609-WA0000-1024x575.jpg 1024w, https:\/\/aytoelmaillo.org\/wp-content\/uploads\/2020\/06\/IMG-20200609-WA0000-700x393.jpg 700w\" sizes=\"(max-width: 1599px) 100vw, 1599px\" \/><\/a><\/p>\n<p><a href=\"http:\/\/aytoelmaillo.org\/wp-content\/uploads\/2020\/06\/IMG-20200609-WA0001.jpg\"><img decoding=\"async\" loading=\"lazy\" class=\"alignnone size-full wp-image-956\" src=\"http:\/\/aytoelmaillo.org\/wp-content\/uploads\/2020\/06\/IMG-20200609-WA0001.jpg\" alt=\"IMG-20200609-WA0001\" width=\"1599\" height=\"899\" srcset=\"https:\/\/aytoelmaillo.org\/wp-content\/uploads\/2020\/06\/IMG-20200609-WA0001.jpg 1599w, https:\/\/aytoelmaillo.org\/wp-content\/uploads\/2020\/06\/IMG-20200609-WA0001-300x168.jpg 300w, https:\/\/aytoelmaillo.org\/wp-content\/uploads\/2020\/06\/IMG-20200609-WA0001-1024x575.jpg 1024w, https:\/\/aytoelmaillo.org\/wp-content\/uploads\/2020\/06\/IMG-20200609-WA0001-700x393.jpg 700w\" sizes=\"(max-width: 1599px) 100vw, 1599px\" \/><\/a><\/p>\n","protected":false},"excerpt":{"rendered":"<p>El Ma\u00edllo, 9 junio 2020.- El Ayuntamiento de El Ma\u00edllo ha reabierto la guarder\u00eda municipal desde el 9 de junio de 2020, tras los trabajos de desinfecci\u00f3n practicados, de acuerdo con las medidas que se han de adoptar con el fin de evitar contagios de Covid-19. Se trata de una &#8230;<\/p>\n","protected":false},"author":1,"featured_media":954,"comment_status":"closed","ping_status":"closed","sticky":false,"template":"","format":"standard","meta":{"footnotes":""},"categories":[19],"tags":[],"_links":{"self":[{"href":"https:\/\/aytoelmaillo.org\/index.php?rest_route=\/wp\/v2\/posts\/957"}],"collection":[{"href":"https:\/\/aytoelmaillo.org\/index.php?rest_route=\/wp\/v2\/posts"}],"about":[{"href":"https:\/\/aytoelmaillo.org\/index.php?rest_route=\/wp\/v2\/types\/post"}],"author":[{"embeddable":true,"href":"https:\/\/aytoelmaillo.org\/index.php?rest_route=\/wp\/v2\/users\/1"}],"replies":[{"embeddable":true,"href":"https:\/\/aytoelmaillo.org\/index.php?rest_route=%2Fwp%2Fv2%2Fcomments&post=957"}],"version-history":[{"count":1,"href":"https:\/\/aytoelmaillo.org\/index.php?rest_route=\/wp\/v2\/posts\/957\/revisions"}],"predecessor-version":[{"id":958,"href":"https:\/\/aytoelmaillo.org\/index.php?rest_route=\/wp\/v2\/posts\/957\/revisions\/958"}],"wp:featuredmedia":[{"embeddable":true,"href":"https:\/\/aytoelmaillo.org\/index.php?rest_route=\/wp\/v2\/media\/954"}],"wp:attachment":[{"href":"https:\/\/aytoelmaillo.org\/index.php?rest_route=%2Fwp%2Fv2%2Fmedia&parent=957"}],"wp:term":[{"taxonomy":"category","embeddable":true,"href":"https:\/\/aytoelmaillo.org\/index.php?rest_route=%2Fwp%2Fv2%2Fcategories&post=957"},{"taxonomy":"post_tag","embeddable":true,"href":"https:\/\/aytoelmaillo.org\/index.php?rest_route=%2Fwp%2Fv2%2Ftags&post=957"}],"curies":[{"name":"wp","href":"https:\/\/api.w.org\/{rel}","templated":true}]}}