{"id":938,"date":"2020-05-28T23:39:16","date_gmt":"2020-05-28T23:39:16","guid":{"rendered":"http:\/\/aytoelmaillo.org\/?p=938"},"modified":"2020-05-28T23:58:46","modified_gmt":"2020-05-28T23:58:46","slug":"el-ayuntamiento-de-el-maillo-limpia-y-desinfecta-la-iglesia-parroquial-donde-se-volvera-a-oficiar-misa-el-31-de-mayo","status":"publish","type":"post","link":"https:\/\/aytoelmaillo.org\/?p=938","title":{"rendered":"El Ayuntamiento de El Ma\u00edllo limpia y desinfecta la iglesia parroquial, donde se volver\u00e1 a oficiar misa el 31 de mayo"},"content":{"rendered":"<p><strong>El Ma\u00edllo, 28 mayo 2020.-<\/strong> El Ayuntamiento de El Ma\u00edllo ha desarrollado en los \u00faltimos d\u00edas la limpieza y desinfecci\u00f3n de la iglesia parroquial, con el fin de que est\u00e9 a punto para que el pr\u00f3ximo domingo, 31 de mayo de 2020, se puedan volver a oficiar las misas.<\/p>\n<p>Tras el fallecimiento de Alfredo Ramajo, el nuevo cura que lo sutituir\u00e1 ser\u00e1 Juan Carlos S\u00e1nchez.<\/p>\n<p>(Pincha aqu\u00ed):\u00a0<a href=\"http:\/\/aytoelmaillo.org\/wp-content\/uploads\/2020\/05\/VID-20200528-WA0016.mp4\">V\u00eddeo Limpieza y desinfecci\u00f3n parroquia<\/a><\/p>\n<div id='gallery-1' class='gallery galleryid-938 gallery-columns-3 gallery-size-thumbnail'><figure class='gallery-item'>\n\t\t\t<div class='gallery-icon landscape'>\n\t\t\t\t<a rel='attachment' href='https:\/\/aytoelmaillo.org\/wp-content\/uploads\/2020\/05\/IMG-20200528-WA0015.jpg'><img width=\"150\" height=\"150\" src=\"https:\/\/aytoelmaillo.org\/wp-content\/uploads\/2020\/05\/IMG-20200528-WA0015-150x150.jpg\" class=\"attachment-thumbnail size-thumbnail\" alt=\"\" decoding=\"async\" loading=\"lazy\" srcset=\"https:\/\/aytoelmaillo.org\/wp-content\/uploads\/2020\/05\/IMG-20200528-WA0015-150x150.jpg 150w, https:\/\/aytoelmaillo.org\/wp-content\/uploads\/2020\/05\/IMG-20200528-WA0015-432x432.jpg 432w, https:\/\/aytoelmaillo.org\/wp-content\/uploads\/2020\/05\/IMG-20200528-WA0015-268x268.jpg 268w\" sizes=\"(max-width: 150px) 100vw, 150px\" \/><\/a>\n\t\t\t<\/div><\/figure><figure class='gallery-item'>\n\t\t\t<div class='gallery-icon portrait'>\n\t\t\t\t<a rel='attachment' href='https:\/\/aytoelmaillo.org\/wp-content\/uploads\/2020\/05\/IMG-20200528-WA0014.jpg'><img width=\"150\" height=\"150\" src=\"https:\/\/aytoelmaillo.org\/wp-content\/uploads\/2020\/05\/IMG-20200528-WA0014-150x150.jpg\" class=\"attachment-thumbnail size-thumbnail\" alt=\"\" decoding=\"async\" loading=\"lazy\" srcset=\"https:\/\/aytoelmaillo.org\/wp-content\/uploads\/2020\/05\/IMG-20200528-WA0014-150x150.jpg 150w, https:\/\/aytoelmaillo.org\/wp-content\/uploads\/2020\/05\/IMG-20200528-WA0014-432x432.jpg 432w, https:\/\/aytoelmaillo.org\/wp-content\/uploads\/2020\/05\/IMG-20200528-WA0014-268x268.jpg 268w\" sizes=\"(max-width: 150px) 100vw, 150px\" \/><\/a>\n\t\t\t<\/div><\/figure><figure class='gallery-item'>\n\t\t\t<div class='gallery-icon landscape'>\n\t\t\t\t<a rel='attachment' href='https:\/\/aytoelmaillo.org\/wp-content\/uploads\/2020\/05\/IMG-20200528-WA0013.jpg'><img width=\"150\" height=\"150\" src=\"https:\/\/aytoelmaillo.org\/wp-content\/uploads\/2020\/05\/IMG-20200528-WA0013-150x150.jpg\" class=\"attachment-thumbnail size-thumbnail\" alt=\"\" decoding=\"async\" loading=\"lazy\" srcset=\"https:\/\/aytoelmaillo.org\/wp-content\/uploads\/2020\/05\/IMG-20200528-WA0013-150x150.jpg 150w, https:\/\/aytoelmaillo.org\/wp-content\/uploads\/2020\/05\/IMG-20200528-WA0013-432x432.jpg 432w, https:\/\/aytoelmaillo.org\/wp-content\/uploads\/2020\/05\/IMG-20200528-WA0013-268x268.jpg 268w\" sizes=\"(max-width: 150px) 100vw, 150px\" \/><\/a>\n\t\t\t<\/div><\/figure><figure class='gallery-item'>\n\t\t\t<div class='gallery-icon portrait'>\n\t\t\t\t<a rel='attachment' href='https:\/\/aytoelmaillo.org\/wp-content\/uploads\/2020\/05\/IMG-20200528-WA0012.jpg'><img width=\"150\" height=\"150\" src=\"https:\/\/aytoelmaillo.org\/wp-content\/uploads\/2020\/05\/IMG-20200528-WA0012-150x150.jpg\" class=\"attachment-thumbnail size-thumbnail\" alt=\"\" decoding=\"async\" loading=\"lazy\" srcset=\"https:\/\/aytoelmaillo.org\/wp-content\/uploads\/2020\/05\/IMG-20200528-WA0012-150x150.jpg 150w, https:\/\/aytoelmaillo.org\/wp-content\/uploads\/2020\/05\/IMG-20200528-WA0012-432x432.jpg 432w, https:\/\/aytoelmaillo.org\/wp-content\/uploads\/2020\/05\/IMG-20200528-WA0012-268x268.jpg 268w\" sizes=\"(max-width: 150px) 100vw, 150px\" \/><\/a>\n\t\t\t<\/div><\/figure><figure class='gallery-item'>\n\t\t\t<div class='gallery-icon landscape'>\n\t\t\t\t<a rel='attachment' href='https:\/\/aytoelmaillo.org\/wp-content\/uploads\/2020\/05\/IMG-20200528-WA0011.jpg'><img width=\"150\" height=\"150\" src=\"https:\/\/aytoelmaillo.org\/wp-content\/uploads\/2020\/05\/IMG-20200528-WA0011-150x150.jpg\" class=\"attachment-thumbnail size-thumbnail\" alt=\"\" decoding=\"async\" loading=\"lazy\" srcset=\"https:\/\/aytoelmaillo.org\/wp-content\/uploads\/2020\/05\/IMG-20200528-WA0011-150x150.jpg 150w, https:\/\/aytoelmaillo.org\/wp-content\/uploads\/2020\/05\/IMG-20200528-WA0011-432x432.jpg 432w, https:\/\/aytoelmaillo.org\/wp-content\/uploads\/2020\/05\/IMG-20200528-WA0011-268x268.jpg 268w\" sizes=\"(max-width: 150px) 100vw, 150px\" \/><\/a>\n\t\t\t<\/div><\/figure><figure class='gallery-item'>\n\t\t\t<div class='gallery-icon portrait'>\n\t\t\t\t<a rel='attachment' href='https:\/\/aytoelmaillo.org\/wp-content\/uploads\/2020\/05\/IMG-20200528-WA0010.jpg'><img width=\"150\" height=\"150\" src=\"https:\/\/aytoelmaillo.org\/wp-content\/uploads\/2020\/05\/IMG-20200528-WA0010-150x150.jpg\" class=\"attachment-thumbnail size-thumbnail\" alt=\"\" decoding=\"async\" loading=\"lazy\" srcset=\"https:\/\/aytoelmaillo.org\/wp-content\/uploads\/2020\/05\/IMG-20200528-WA0010-150x150.jpg 150w, https:\/\/aytoelmaillo.org\/wp-content\/uploads\/2020\/05\/IMG-20200528-WA0010-432x432.jpg 432w, https:\/\/aytoelmaillo.org\/wp-content\/uploads\/2020\/05\/IMG-20200528-WA0010-268x268.jpg 268w\" sizes=\"(max-width: 150px) 100vw, 150px\" \/><\/a>\n\t\t\t<\/div><\/figure>\n\t\t<\/div>\n\n","protected":false},"excerpt":{"rendered":"<p>El Ma\u00edllo, 28 mayo 2020.- El Ayuntamiento de El Ma\u00edllo ha desarrollado en los \u00faltimos d\u00edas la limpieza y desinfecci\u00f3n de la iglesia parroquial, con el fin de que est\u00e9 a punto para que el pr\u00f3ximo domingo, 31 de mayo de 2020, se puedan volver a oficiar las misas. Tras &#8230;<\/p>\n","protected":false},"author":1,"featured_media":929,"comment_status":"closed","ping_status":"closed","sticky":false,"template":"","format":"standard","meta":{"footnotes":""},"categories":[19],"tags":[],"_links":{"self":[{"href":"https:\/\/aytoelmaillo.org\/index.php?rest_route=\/wp\/v2\/posts\/938"}],"collection":[{"href":"https:\/\/aytoelmaillo.org\/index.php?rest_route=\/wp\/v2\/posts"}],"about":[{"href":"https:\/\/aytoelmaillo.org\/index.php?rest_route=\/wp\/v2\/types\/post"}],"author":[{"embeddable":true,"href":"https:\/\/aytoelmaillo.org\/index.php?rest_route=\/wp\/v2\/users\/1"}],"replies":[{"embeddable":true,"href":"https:\/\/aytoelmaillo.org\/index.php?rest_route=%2Fwp%2Fv2%2Fcomments&post=938"}],"version-history":[{"count":11,"href":"https:\/\/aytoelmaillo.org\/index.php?rest_route=\/wp\/v2\/posts\/938\/revisions"}],"predecessor-version":[{"id":949,"href":"https:\/\/aytoelmaillo.org\/index.php?rest_route=\/wp\/v2\/posts\/938\/revisions\/949"}],"wp:featuredmedia":[{"embeddable":true,"href":"https:\/\/aytoelmaillo.org\/index.php?rest_route=\/wp\/v2\/media\/929"}],"wp:attachment":[{"href":"https:\/\/aytoelmaillo.org\/index.php?rest_route=%2Fwp%2Fv2%2Fmedia&parent=938"}],"wp:term":[{"taxonomy":"category","embeddable":true,"href":"https:\/\/aytoelmaillo.org\/index.php?rest_route=%2Fwp%2Fv2%2Fcategories&post=938"},{"taxonomy":"post_tag","embeddable":true,"href":"https:\/\/aytoelmaillo.org\/index.php?rest_route=%2Fwp%2Fv2%2Ftags&post=938"}],"curies":[{"name":"wp","href":"https:\/\/api.w.org\/{rel}","templated":true}]}}