{"id":919,"date":"2020-05-02T17:46:34","date_gmt":"2020-05-02T17:46:34","guid":{"rendered":"http:\/\/aytoelmaillo.org\/?p=919"},"modified":"2020-05-03T17:49:17","modified_gmt":"2020-05-03T17:49:17","slug":"el-maillo-amplia-los-medios-de-proteccion-para-sus-vecinos-con-cientos-de-guantes-mascarilas-y-gel-desinfectante","status":"publish","type":"post","link":"https:\/\/aytoelmaillo.org\/?p=919","title":{"rendered":"El Ma\u00edllo ampl\u00eda los medios de protecci\u00f3n para sus vecinos con cientos de guantes, mascarilas y gel desinfectante"},"content":{"rendered":"<p><a href=\"http:\/\/aytoelmaillo.org\/wp-content\/uploads\/2020\/05\/IMG-20200502-WA0017.jpg\"><img decoding=\"async\" loading=\"lazy\" class=\"alignnone size-full wp-image-916\" src=\"http:\/\/aytoelmaillo.org\/wp-content\/uploads\/2020\/05\/IMG-20200502-WA0017.jpg\" alt=\"IMG-20200502-WA0017\" width=\"768\" height=\"1024\" srcset=\"https:\/\/aytoelmaillo.org\/wp-content\/uploads\/2020\/05\/IMG-20200502-WA0017.jpg 768w, https:\/\/aytoelmaillo.org\/wp-content\/uploads\/2020\/05\/IMG-20200502-WA0017-225x300.jpg 225w, https:\/\/aytoelmaillo.org\/wp-content\/uploads\/2020\/05\/IMG-20200502-WA0017-700x933.jpg 700w\" sizes=\"(max-width: 768px) 100vw, 768px\" \/><\/a><\/p>\n<p><strong>El Ma\u00edllo, 2 mayo 2020.- <\/strong>El Ayuntamiento de El Ma\u00edllo ha adquirido numeroso material para repartir entre los vecinos, con el objetivo de que est\u00e9n m\u00e1s protegidos a\u00fan para hacer frente a la pandemia de Covid-19.<\/p>\n<p>De manera especial, hay que destacar la donaci\u00f3n de 200 mascarillas FPP2 por parte de la empresa Instalaciones del Canto. A \u00e9stas hay que sumarles otras 350 mascarillas FPP2 que ha adquirido el Ayuntamiento de El Ma\u00edllo y que tambi\u00e9n se repartir\u00e1n entre la poblaci\u00f3n, sin olvidar las numerosas mascarillas que ya se hab\u00edan repartido con anterioridad.<\/p>\n<p>Adem\u00e1s de los guantes que ya se hab\u00edan repartido, desde el Consistorio se ha ampliado esta dotaci\u00f3n con otro millar de guantes, que estar\u00e1n a disposici\u00f3n del pueblo.<\/p>\n<p>Y para completar las medidas de protecci\u00f3n, el Ayuntamiento ha comprado 150 litros de gel hidroalcoh\u00f3lico.<\/p>\n<p><a href=\"http:\/\/aytoelmaillo.org\/wp-content\/uploads\/2020\/05\/IMG_20200503_193915.jpg\"><img decoding=\"async\" loading=\"lazy\" class=\"alignnone size-full wp-image-918\" src=\"http:\/\/aytoelmaillo.org\/wp-content\/uploads\/2020\/05\/IMG_20200503_193915.jpg\" alt=\"IMG_20200503_193915\" width=\"1074\" height=\"1546\" srcset=\"https:\/\/aytoelmaillo.org\/wp-content\/uploads\/2020\/05\/IMG_20200503_193915.jpg 1074w, https:\/\/aytoelmaillo.org\/wp-content\/uploads\/2020\/05\/IMG_20200503_193915-208x300.jpg 208w, https:\/\/aytoelmaillo.org\/wp-content\/uploads\/2020\/05\/IMG_20200503_193915-711x1024.jpg 711w, https:\/\/aytoelmaillo.org\/wp-content\/uploads\/2020\/05\/IMG_20200503_193915-700x1007.jpg 700w\" sizes=\"(max-width: 1074px) 100vw, 1074px\" \/><\/a><\/p>\n<p><a href=\"http:\/\/aytoelmaillo.org\/wp-content\/uploads\/2020\/05\/IMG_20200503_193947.jpg\"><img decoding=\"async\" loading=\"lazy\" class=\"alignnone size-full wp-image-917\" src=\"http:\/\/aytoelmaillo.org\/wp-content\/uploads\/2020\/05\/IMG_20200503_193947.jpg\" alt=\"IMG_20200503_193947\" width=\"1080\" height=\"1534\" srcset=\"https:\/\/aytoelmaillo.org\/wp-content\/uploads\/2020\/05\/IMG_20200503_193947.jpg 1080w, https:\/\/aytoelmaillo.org\/wp-content\/uploads\/2020\/05\/IMG_20200503_193947-211x300.jpg 211w, https:\/\/aytoelmaillo.org\/wp-content\/uploads\/2020\/05\/IMG_20200503_193947-720x1024.jpg 720w, https:\/\/aytoelmaillo.org\/wp-content\/uploads\/2020\/05\/IMG_20200503_193947-700x994.jpg 700w\" sizes=\"(max-width: 1080px) 100vw, 1080px\" \/><\/a><\/p>\n","protected":false},"excerpt":{"rendered":"<p>El Ma\u00edllo, 2 mayo 2020.- El Ayuntamiento de El Ma\u00edllo ha adquirido numeroso material para repartir entre los vecinos, con el objetivo de que est\u00e9n m\u00e1s protegidos a\u00fan para hacer frente a la pandemia de Covid-19. De manera especial, hay que destacar la donaci\u00f3n de 200 mascarillas FPP2 por parte &#8230;<\/p>\n","protected":false},"author":1,"featured_media":916,"comment_status":"closed","ping_status":"closed","sticky":false,"template":"","format":"standard","meta":{"footnotes":""},"categories":[19],"tags":[],"_links":{"self":[{"href":"https:\/\/aytoelmaillo.org\/index.php?rest_route=\/wp\/v2\/posts\/919"}],"collection":[{"href":"https:\/\/aytoelmaillo.org\/index.php?rest_route=\/wp\/v2\/posts"}],"about":[{"href":"https:\/\/aytoelmaillo.org\/index.php?rest_route=\/wp\/v2\/types\/post"}],"author":[{"embeddable":true,"href":"https:\/\/aytoelmaillo.org\/index.php?rest_route=\/wp\/v2\/users\/1"}],"replies":[{"embeddable":true,"href":"https:\/\/aytoelmaillo.org\/index.php?rest_route=%2Fwp%2Fv2%2Fcomments&post=919"}],"version-history":[{"count":5,"href":"https:\/\/aytoelmaillo.org\/index.php?rest_route=\/wp\/v2\/posts\/919\/revisions"}],"predecessor-version":[{"id":924,"href":"https:\/\/aytoelmaillo.org\/index.php?rest_route=\/wp\/v2\/posts\/919\/revisions\/924"}],"wp:featuredmedia":[{"embeddable":true,"href":"https:\/\/aytoelmaillo.org\/index.php?rest_route=\/wp\/v2\/media\/916"}],"wp:attachment":[{"href":"https:\/\/aytoelmaillo.org\/index.php?rest_route=%2Fwp%2Fv2%2Fmedia&parent=919"}],"wp:term":[{"taxonomy":"category","embeddable":true,"href":"https:\/\/aytoelmaillo.org\/index.php?rest_route=%2Fwp%2Fv2%2Fcategories&post=919"},{"taxonomy":"post_tag","embeddable":true,"href":"https:\/\/aytoelmaillo.org\/index.php?rest_route=%2Fwp%2Fv2%2Ftags&post=919"}],"curies":[{"name":"wp","href":"https:\/\/api.w.org\/{rel}","templated":true}]}}