{"id":904,"date":"2020-03-31T11:07:00","date_gmt":"2020-03-31T11:07:00","guid":{"rendered":"http:\/\/aytoelmaillo.org\/?p=904"},"modified":"2020-03-31T11:52:37","modified_gmt":"2020-03-31T11:52:37","slug":"luto-en-el-maillo-por-el-fallecimiento-de-alfredo-ramajo-nuestro-querido-parroco","status":"publish","type":"post","link":"https:\/\/aytoelmaillo.org\/?p=904","title":{"rendered":"Luto en El Ma\u00edllo por el fallecimiento de Alfredo Ramajo, nuestro querido p\u00e1rroco"},"content":{"rendered":"<p><a href=\"http:\/\/aytoelmaillo.org\/wp-content\/uploads\/2020\/03\/IMG-20200331-WA0082.jpg\"><img decoding=\"async\" loading=\"lazy\" class=\"alignnone size-full wp-image-902\" src=\"http:\/\/aytoelmaillo.org\/wp-content\/uploads\/2020\/03\/IMG-20200331-WA0082.jpg\" alt=\"IMG-20200331-WA0082\" width=\"777\" height=\"601\" srcset=\"https:\/\/aytoelmaillo.org\/wp-content\/uploads\/2020\/03\/IMG-20200331-WA0082.jpg 777w, https:\/\/aytoelmaillo.org\/wp-content\/uploads\/2020\/03\/IMG-20200331-WA0082-300x232.jpg 300w, https:\/\/aytoelmaillo.org\/wp-content\/uploads\/2020\/03\/IMG-20200331-WA0082-700x541.jpg 700w\" sizes=\"(max-width: 777px) 100vw, 777px\" \/><\/a><\/p>\n<p><strong>El Ma\u00edllo, 31 de marzo 2020.-<\/strong><\/p>\n<p>Desde la Corporaci\u00f3n Municipal de El Ma\u00edllo queremos mostrar nuestro profundo pesar tras el fallecimiento de Alfredo Ramajo, un p\u00e1rroco al que nunca olvidaremos y que tando hizo por nuestro pueblo.<\/p>\n<p>Por eso hemos decidido decretar tres d\u00edas de luto en el pueblo de El Ma\u00edllo.<\/p>\n<p>Todo el pueblo siente sobremanera no poder acompa\u00f1ar en estos momentos tan duros a la familia de Alfredo Ramajo. Es una p\u00e9rdida irreparable para el pueblo.<\/p>\n<p>En el d\u00eda de hoy, las banderas del Consitorio ondean a media asta y, al igual que en el resto de pueblos de la di\u00f3cesis de Ciudad Rodrigo en el que era p\u00e1rroco, las campanas repicaron al mediod\u00eda, mientras todos guard\u00e1bamos un minuto de silencio.<\/p>\n<p>DEP.<\/p>\n<p><a href=\"http:\/\/aytoelmaillo.org\/wp-content\/uploads\/2020\/03\/IMG-20200331-WA0081.jpg\"><img decoding=\"async\" loading=\"lazy\" class=\"alignnone size-full wp-image-911\" src=\"http:\/\/aytoelmaillo.org\/wp-content\/uploads\/2020\/03\/IMG-20200331-WA0081.jpg\" alt=\"IMG-20200331-WA0081\" width=\"1200\" height=\"1599\" srcset=\"https:\/\/aytoelmaillo.org\/wp-content\/uploads\/2020\/03\/IMG-20200331-WA0081.jpg 1200w, https:\/\/aytoelmaillo.org\/wp-content\/uploads\/2020\/03\/IMG-20200331-WA0081-225x300.jpg 225w, https:\/\/aytoelmaillo.org\/wp-content\/uploads\/2020\/03\/IMG-20200331-WA0081-768x1024.jpg 768w, https:\/\/aytoelmaillo.org\/wp-content\/uploads\/2020\/03\/IMG-20200331-WA0081-700x932.jpg 700w\" sizes=\"(max-width: 1200px) 100vw, 1200px\" \/><\/a><\/p>\n","protected":false},"excerpt":{"rendered":"<p>El Ma\u00edllo, 31 de marzo 2020.- Desde la Corporaci\u00f3n Municipal de El Ma\u00edllo queremos mostrar nuestro profundo pesar tras el fallecimiento de Alfredo Ramajo, un p\u00e1rroco al que nunca olvidaremos y que tando hizo por nuestro pueblo. Por eso hemos decidido decretar tres d\u00edas de luto en el pueblo de &#8230;<\/p>\n","protected":false},"author":1,"featured_media":902,"comment_status":"closed","ping_status":"closed","sticky":false,"template":"","format":"standard","meta":{"footnotes":""},"categories":[5,19],"tags":[],"_links":{"self":[{"href":"https:\/\/aytoelmaillo.org\/index.php?rest_route=\/wp\/v2\/posts\/904"}],"collection":[{"href":"https:\/\/aytoelmaillo.org\/index.php?rest_route=\/wp\/v2\/posts"}],"about":[{"href":"https:\/\/aytoelmaillo.org\/index.php?rest_route=\/wp\/v2\/types\/post"}],"author":[{"embeddable":true,"href":"https:\/\/aytoelmaillo.org\/index.php?rest_route=\/wp\/v2\/users\/1"}],"replies":[{"embeddable":true,"href":"https:\/\/aytoelmaillo.org\/index.php?rest_route=%2Fwp%2Fv2%2Fcomments&post=904"}],"version-history":[{"count":4,"href":"https:\/\/aytoelmaillo.org\/index.php?rest_route=\/wp\/v2\/posts\/904\/revisions"}],"predecessor-version":[{"id":914,"href":"https:\/\/aytoelmaillo.org\/index.php?rest_route=\/wp\/v2\/posts\/904\/revisions\/914"}],"wp:featuredmedia":[{"embeddable":true,"href":"https:\/\/aytoelmaillo.org\/index.php?rest_route=\/wp\/v2\/media\/902"}],"wp:attachment":[{"href":"https:\/\/aytoelmaillo.org\/index.php?rest_route=%2Fwp%2Fv2%2Fmedia&parent=904"}],"wp:term":[{"taxonomy":"category","embeddable":true,"href":"https:\/\/aytoelmaillo.org\/index.php?rest_route=%2Fwp%2Fv2%2Fcategories&post=904"},{"taxonomy":"post_tag","embeddable":true,"href":"https:\/\/aytoelmaillo.org\/index.php?rest_route=%2Fwp%2Fv2%2Ftags&post=904"}],"curies":[{"name":"wp","href":"https:\/\/api.w.org\/{rel}","templated":true}]}}