{"id":887,"date":"2020-03-21T17:07:07","date_gmt":"2020-03-21T17:07:07","guid":{"rendered":"http:\/\/aytoelmaillo.org\/?p=887"},"modified":"2020-03-21T18:58:08","modified_gmt":"2020-03-21T18:58:08","slug":"trabajos-de-desinfeccion-en-el-maillo-ante-el-coronavirus","status":"publish","type":"post","link":"https:\/\/aytoelmaillo.org\/?p=887","title":{"rendered":"Trabajos de desinfecci\u00f3n en El Ma\u00edllo ante el coronavirus"},"content":{"rendered":"<p><a href=\"http:\/\/aytoelmaillo.org\/wp-content\/uploads\/2020\/03\/IMG-20200321-WA0016.jpg\"><img decoding=\"async\" loading=\"lazy\" class=\"alignnone size-full wp-image-888\" src=\"http:\/\/aytoelmaillo.org\/wp-content\/uploads\/2020\/03\/IMG-20200321-WA0016.jpg\" alt=\"IMG-20200321-WA0016\" width=\"1200\" height=\"1600\" srcset=\"https:\/\/aytoelmaillo.org\/wp-content\/uploads\/2020\/03\/IMG-20200321-WA0016.jpg 1200w, https:\/\/aytoelmaillo.org\/wp-content\/uploads\/2020\/03\/IMG-20200321-WA0016-225x300.jpg 225w, https:\/\/aytoelmaillo.org\/wp-content\/uploads\/2020\/03\/IMG-20200321-WA0016-768x1024.jpg 768w, https:\/\/aytoelmaillo.org\/wp-content\/uploads\/2020\/03\/IMG-20200321-WA0016-700x933.jpg 700w\" sizes=\"(max-width: 1200px) 100vw, 1200px\" \/><\/a><\/p>\n<p><strong>El Ma\u00edllo, 21 de marzo de 2020<\/strong>.-<\/p>\n<p>En El Ma\u00edllo se\u00a0 est\u00e1n realizando labores de desinfecci\u00f3n en calles y espacios p\u00fablicos para luchar contra el COVID 19.<br \/>\nSe realizar\u00e1n desinfecciones peri\u00f3dicas hasta que terminemos con este virus.<br \/>\nGracias a la colaboraci\u00f3n de los vecinos,\u00a0 por quedarse en casa, y a las medidas que desde el Ayuntamiento de El Ma\u00edllo se est\u00e1n desarrollando,\u00a0 terminaremos con este virus tan destructor para toda la sociedad.<br \/>\nDesde el Ayuntamiento de El Ma\u00edllo, agradecemos la colaboraci\u00f3n de los vecinos y la respuesta que est\u00e1n dando ante esta situaci\u00f3n que estamos viviendo.<\/p>\n<p>Desde el Ayuntamiento se han comprado 1400 pares de guantes de nitrilo que se han repartido a los vecinos y est\u00e1n a disposici\u00f3n de estos en los establecimientos p\u00fablicos, tienda, panader\u00eda, farmacia y banco.<\/p>\n<p>Se est\u00e1 intentando\u00a0 adquirir mascarillas, aunque debido a la falta de equipos de protecci\u00f3n para el personal sanitario, es imposible conseguirlas.<\/p>\n<p>Ante cualquier necesidad, los vecinos pueden llamar al tel\u00e9fono del alcalde Juan Manuel Villar\u00f3n 610592572 o del Teniente de alcalde Bernardo Merch\u00e1n 660 40 86 30.<\/p>\n<p><a href=\"http:\/\/aytoelmaillo.org\/wp-content\/uploads\/2020\/03\/IMG_20200321_195704.jpg\"><img decoding=\"async\" loading=\"lazy\" class=\"alignnone size-full wp-image-899\" src=\"http:\/\/aytoelmaillo.org\/wp-content\/uploads\/2020\/03\/IMG_20200321_195704.jpg\" alt=\"IMG_20200321_195704\" width=\"829\" height=\"411\" srcset=\"https:\/\/aytoelmaillo.org\/wp-content\/uploads\/2020\/03\/IMG_20200321_195704.jpg 829w, https:\/\/aytoelmaillo.org\/wp-content\/uploads\/2020\/03\/IMG_20200321_195704-300x148.jpg 300w, https:\/\/aytoelmaillo.org\/wp-content\/uploads\/2020\/03\/IMG_20200321_195704-700x347.jpg 700w\" sizes=\"(max-width: 829px) 100vw, 829px\" \/><\/a><\/p>\n<p><a href=\"http:\/\/aytoelmaillo.org\/wp-content\/uploads\/2020\/03\/IMG-20200321-WA0019.jpg\"><img decoding=\"async\" loading=\"lazy\" class=\"alignnone size-full wp-image-889\" src=\"http:\/\/aytoelmaillo.org\/wp-content\/uploads\/2020\/03\/IMG-20200321-WA0019.jpg\" alt=\"IMG-20200321-WA0019\" width=\"768\" height=\"1024\" srcset=\"https:\/\/aytoelmaillo.org\/wp-content\/uploads\/2020\/03\/IMG-20200321-WA0019.jpg 768w, https:\/\/aytoelmaillo.org\/wp-content\/uploads\/2020\/03\/IMG-20200321-WA0019-225x300.jpg 225w, https:\/\/aytoelmaillo.org\/wp-content\/uploads\/2020\/03\/IMG-20200321-WA0019-700x933.jpg 700w\" sizes=\"(max-width: 768px) 100vw, 768px\" \/><\/a><\/p>\n<p><a href=\"http:\/\/aytoelmaillo.org\/wp-content\/uploads\/2020\/03\/IMG-20200321-WA0017.jpg\"><img decoding=\"async\" loading=\"lazy\" class=\"alignnone size-full wp-image-890\" src=\"http:\/\/aytoelmaillo.org\/wp-content\/uploads\/2020\/03\/IMG-20200321-WA0017.jpg\" alt=\"IMG-20200321-WA0017\" width=\"1200\" height=\"1600\" srcset=\"https:\/\/aytoelmaillo.org\/wp-content\/uploads\/2020\/03\/IMG-20200321-WA0017.jpg 1200w, https:\/\/aytoelmaillo.org\/wp-content\/uploads\/2020\/03\/IMG-20200321-WA0017-225x300.jpg 225w, https:\/\/aytoelmaillo.org\/wp-content\/uploads\/2020\/03\/IMG-20200321-WA0017-768x1024.jpg 768w, https:\/\/aytoelmaillo.org\/wp-content\/uploads\/2020\/03\/IMG-20200321-WA0017-700x933.jpg 700w\" sizes=\"(max-width: 1200px) 100vw, 1200px\" \/><\/a><strong>CONSEJOS PARA LAVARSE LAS MANOS Y PROTEGERSE DEL CORONAVIRUS.-<\/strong><\/p>\n<p><a href=\"http:\/\/aytoelmaillo.org\/wp-content\/uploads\/2020\/03\/IMG_20200321_181231.jpg\"><img decoding=\"async\" loading=\"lazy\" class=\"alignnone size-full wp-image-895\" src=\"http:\/\/aytoelmaillo.org\/wp-content\/uploads\/2020\/03\/IMG_20200321_181231.jpg\" alt=\"IMG_20200321_181231\" width=\"1080\" height=\"1379\" srcset=\"https:\/\/aytoelmaillo.org\/wp-content\/uploads\/2020\/03\/IMG_20200321_181231.jpg 1080w, https:\/\/aytoelmaillo.org\/wp-content\/uploads\/2020\/03\/IMG_20200321_181231-234x300.jpg 234w, https:\/\/aytoelmaillo.org\/wp-content\/uploads\/2020\/03\/IMG_20200321_181231-801x1024.jpg 801w, https:\/\/aytoelmaillo.org\/wp-content\/uploads\/2020\/03\/IMG_20200321_181231-700x893.jpg 700w\" sizes=\"(max-width: 1080px) 100vw, 1080px\" \/><\/a><\/p>\n<p>&nbsp;<\/p>\n<p>&nbsp;<\/p>\n","protected":false},"excerpt":{"rendered":"<p>El Ma\u00edllo, 21 de marzo de 2020.- En El Ma\u00edllo se\u00a0 est\u00e1n realizando labores de desinfecci\u00f3n en calles y espacios p\u00fablicos para luchar contra el COVID 19. Se realizar\u00e1n desinfecciones peri\u00f3dicas hasta que terminemos con este virus. Gracias a la colaboraci\u00f3n de los vecinos,\u00a0 por quedarse en casa, y a &#8230;<\/p>\n","protected":false},"author":1,"featured_media":888,"comment_status":"closed","ping_status":"closed","sticky":false,"template":"","format":"standard","meta":{"footnotes":""},"categories":[5,19],"tags":[],"_links":{"self":[{"href":"https:\/\/aytoelmaillo.org\/index.php?rest_route=\/wp\/v2\/posts\/887"}],"collection":[{"href":"https:\/\/aytoelmaillo.org\/index.php?rest_route=\/wp\/v2\/posts"}],"about":[{"href":"https:\/\/aytoelmaillo.org\/index.php?rest_route=\/wp\/v2\/types\/post"}],"author":[{"embeddable":true,"href":"https:\/\/aytoelmaillo.org\/index.php?rest_route=\/wp\/v2\/users\/1"}],"replies":[{"embeddable":true,"href":"https:\/\/aytoelmaillo.org\/index.php?rest_route=%2Fwp%2Fv2%2Fcomments&post=887"}],"version-history":[{"count":8,"href":"https:\/\/aytoelmaillo.org\/index.php?rest_route=\/wp\/v2\/posts\/887\/revisions"}],"predecessor-version":[{"id":900,"href":"https:\/\/aytoelmaillo.org\/index.php?rest_route=\/wp\/v2\/posts\/887\/revisions\/900"}],"wp:featuredmedia":[{"embeddable":true,"href":"https:\/\/aytoelmaillo.org\/index.php?rest_route=\/wp\/v2\/media\/888"}],"wp:attachment":[{"href":"https:\/\/aytoelmaillo.org\/index.php?rest_route=%2Fwp%2Fv2%2Fmedia&parent=887"}],"wp:term":[{"taxonomy":"category","embeddable":true,"href":"https:\/\/aytoelmaillo.org\/index.php?rest_route=%2Fwp%2Fv2%2Fcategories&post=887"},{"taxonomy":"post_tag","embeddable":true,"href":"https:\/\/aytoelmaillo.org\/index.php?rest_route=%2Fwp%2Fv2%2Ftags&post=887"}],"curies":[{"name":"wp","href":"https:\/\/api.w.org\/{rel}","templated":true}]}}