{"id":868,"date":"2020-02-26T08:08:07","date_gmt":"2020-02-26T08:08:07","guid":{"rendered":"http:\/\/aytoelmaillo.org\/?p=868"},"modified":"2020-02-26T08:09:54","modified_gmt":"2020-02-26T08:09:54","slug":"el-libro-apodos-de-el-maillo-se-presentara-el-sabado-29-de-febrero","status":"publish","type":"post","link":"https:\/\/aytoelmaillo.org\/?p=868","title":{"rendered":"El libro \u00abApodos de El Ma\u00edllo\u00bb se presentar\u00e1 el s\u00e1bado, 29 de febrero"},"content":{"rendered":"<p><strong>El Ma\u00edllo, febrero 2020.-<\/strong><\/p>\n<p>El libro \u00abApodos de El Ma\u00edllo\u00bb, de Pilar Montero Villar\u00f3n, ser\u00e1 presentado este s\u00e1bado, 29 de febrero de 2020,e el Aula de Cultura de El Ma\u00edllo a las 17 horas.<a href=\"http:\/\/aytoelmaillo.org\/wp-content\/uploads\/2020\/02\/IMG_20200226_090338.jpg\"><img decoding=\"async\" loading=\"lazy\" class=\"alignnone size-full wp-image-869\" src=\"http:\/\/aytoelmaillo.org\/wp-content\/uploads\/2020\/02\/IMG_20200226_090338.jpg\" alt=\"IMG_20200226_090338\" width=\"948\" height=\"1385\" srcset=\"https:\/\/aytoelmaillo.org\/wp-content\/uploads\/2020\/02\/IMG_20200226_090338.jpg 948w, https:\/\/aytoelmaillo.org\/wp-content\/uploads\/2020\/02\/IMG_20200226_090338-205x300.jpg 205w, https:\/\/aytoelmaillo.org\/wp-content\/uploads\/2020\/02\/IMG_20200226_090338-700x1022.jpg 700w\" sizes=\"(max-width: 948px) 100vw, 948px\" \/><\/a><\/p>\n","protected":false},"excerpt":{"rendered":"<p>El Ma\u00edllo, febrero 2020.- El libro \u00abApodos de El Ma\u00edllo\u00bb, de Pilar Montero Villar\u00f3n, ser\u00e1 presentado este s\u00e1bado, 29 de febrero de 2020,e el Aula de Cultura de El Ma\u00edllo a las 17 horas.<\/p>\n","protected":false},"author":1,"featured_media":869,"comment_status":"closed","ping_status":"closed","sticky":false,"template":"","format":"standard","meta":{"footnotes":""},"categories":[19],"tags":[],"_links":{"self":[{"href":"https:\/\/aytoelmaillo.org\/index.php?rest_route=\/wp\/v2\/posts\/868"}],"collection":[{"href":"https:\/\/aytoelmaillo.org\/index.php?rest_route=\/wp\/v2\/posts"}],"about":[{"href":"https:\/\/aytoelmaillo.org\/index.php?rest_route=\/wp\/v2\/types\/post"}],"author":[{"embeddable":true,"href":"https:\/\/aytoelmaillo.org\/index.php?rest_route=\/wp\/v2\/users\/1"}],"replies":[{"embeddable":true,"href":"https:\/\/aytoelmaillo.org\/index.php?rest_route=%2Fwp%2Fv2%2Fcomments&post=868"}],"version-history":[{"count":2,"href":"https:\/\/aytoelmaillo.org\/index.php?rest_route=\/wp\/v2\/posts\/868\/revisions"}],"predecessor-version":[{"id":871,"href":"https:\/\/aytoelmaillo.org\/index.php?rest_route=\/wp\/v2\/posts\/868\/revisions\/871"}],"wp:featuredmedia":[{"embeddable":true,"href":"https:\/\/aytoelmaillo.org\/index.php?rest_route=\/wp\/v2\/media\/869"}],"wp:attachment":[{"href":"https:\/\/aytoelmaillo.org\/index.php?rest_route=%2Fwp%2Fv2%2Fmedia&parent=868"}],"wp:term":[{"taxonomy":"category","embeddable":true,"href":"https:\/\/aytoelmaillo.org\/index.php?rest_route=%2Fwp%2Fv2%2Fcategories&post=868"},{"taxonomy":"post_tag","embeddable":true,"href":"https:\/\/aytoelmaillo.org\/index.php?rest_route=%2Fwp%2Fv2%2Ftags&post=868"}],"curies":[{"name":"wp","href":"https:\/\/api.w.org\/{rel}","templated":true}]}}