{"id":862,"date":"2020-02-19T20:39:07","date_gmt":"2020-02-19T20:39:07","guid":{"rendered":"http:\/\/aytoelmaillo.org\/?p=862"},"modified":"2020-02-19T20:39:52","modified_gmt":"2020-02-19T20:39:52","slug":"taller-de-cocina-saludable-en-el-maillo-el-29-de-febrero","status":"publish","type":"post","link":"https:\/\/aytoelmaillo.org\/?p=862","title":{"rendered":"Taller de cocina saludable en El Ma\u00edllo el 29 de febrero"},"content":{"rendered":"<p><strong>El Ma\u00edllo, febrero 2020.-<\/strong><\/p>\n<p>El aula de Cultura de El Ma\u00edllo acoger\u00e1 el 29 de febrero de 2020 un Taller de Cocina Saludable..<\/p>\n<p>Las personas interesadas podr\u00e1n asistir a las 17,30 horas.\ufffc<\/p>\n<p><a href=\"http:\/\/aytoelmaillo.org\/wp-content\/uploads\/2020\/02\/IMG_20200219_213450.jpg\"><img decoding=\"async\" loading=\"lazy\" class=\"alignnone size-full wp-image-863\" src=\"http:\/\/aytoelmaillo.org\/wp-content\/uploads\/2020\/02\/IMG_20200219_213450.jpg\" alt=\"IMG_20200219_213450\" width=\"925\" height=\"1219\" srcset=\"https:\/\/aytoelmaillo.org\/wp-content\/uploads\/2020\/02\/IMG_20200219_213450.jpg 925w, https:\/\/aytoelmaillo.org\/wp-content\/uploads\/2020\/02\/IMG_20200219_213450-227x300.jpg 227w, https:\/\/aytoelmaillo.org\/wp-content\/uploads\/2020\/02\/IMG_20200219_213450-777x1024.jpg 777w, https:\/\/aytoelmaillo.org\/wp-content\/uploads\/2020\/02\/IMG_20200219_213450-700x922.jpg 700w\" sizes=\"(max-width: 925px) 100vw, 925px\" \/><\/a><\/p>\n","protected":false},"excerpt":{"rendered":"<p>El Ma\u00edllo, febrero 2020.- El aula de Cultura de El Ma\u00edllo acoger\u00e1 el 29 de febrero de 2020 un Taller de Cocina Saludable.. Las personas interesadas podr\u00e1n asistir a las 17,30 horas.\ufffc<\/p>\n","protected":false},"author":1,"featured_media":863,"comment_status":"closed","ping_status":"closed","sticky":false,"template":"","format":"standard","meta":{"footnotes":""},"categories":[19],"tags":[],"_links":{"self":[{"href":"https:\/\/aytoelmaillo.org\/index.php?rest_route=\/wp\/v2\/posts\/862"}],"collection":[{"href":"https:\/\/aytoelmaillo.org\/index.php?rest_route=\/wp\/v2\/posts"}],"about":[{"href":"https:\/\/aytoelmaillo.org\/index.php?rest_route=\/wp\/v2\/types\/post"}],"author":[{"embeddable":true,"href":"https:\/\/aytoelmaillo.org\/index.php?rest_route=\/wp\/v2\/users\/1"}],"replies":[{"embeddable":true,"href":"https:\/\/aytoelmaillo.org\/index.php?rest_route=%2Fwp%2Fv2%2Fcomments&post=862"}],"version-history":[{"count":3,"href":"https:\/\/aytoelmaillo.org\/index.php?rest_route=\/wp\/v2\/posts\/862\/revisions"}],"predecessor-version":[{"id":867,"href":"https:\/\/aytoelmaillo.org\/index.php?rest_route=\/wp\/v2\/posts\/862\/revisions\/867"}],"wp:featuredmedia":[{"embeddable":true,"href":"https:\/\/aytoelmaillo.org\/index.php?rest_route=\/wp\/v2\/media\/863"}],"wp:attachment":[{"href":"https:\/\/aytoelmaillo.org\/index.php?rest_route=%2Fwp%2Fv2%2Fmedia&parent=862"}],"wp:term":[{"taxonomy":"category","embeddable":true,"href":"https:\/\/aytoelmaillo.org\/index.php?rest_route=%2Fwp%2Fv2%2Fcategories&post=862"},{"taxonomy":"post_tag","embeddable":true,"href":"https:\/\/aytoelmaillo.org\/index.php?rest_route=%2Fwp%2Fv2%2Ftags&post=862"}],"curies":[{"name":"wp","href":"https:\/\/api.w.org\/{rel}","templated":true}]}}