{"id":847,"date":"2020-02-04T08:49:33","date_gmt":"2020-02-04T08:49:33","guid":{"rendered":"http:\/\/aytoelmaillo.org\/?p=847"},"modified":"2020-02-04T08:54:56","modified_gmt":"2020-02-04T08:54:56","slug":"el-maillo-honra-a-san-blas","status":"publish","type":"post","link":"https:\/\/aytoelmaillo.org\/?p=847","title":{"rendered":"El Ma\u00edllo honra a San Blas"},"content":{"rendered":"<p><strong>El Ma\u00edllo, 3 de febrero 2020.-<\/strong><\/p>\n<p>La localidad de El Ma\u00edllo celebr\u00f3 la festividad de San Blas con la tradicional misa, procesi\u00f3n y bendici\u00f3n de gargantillas.<\/p>\n<p>Tras los actos lit\u00fargicos, el Ayuntamiento organiz\u00f3 una comida popular en el Corral de Concejo.<\/p>\n<p>Para completar los actos de San Blas,\u00a0por la tare se proyect\u00f3 la pel\u00edcula \u201cLos Jap\u00f3n\u201d en el Aula de Cultura de La Hermandad y, tras la sesi\u00f3n de cine,\u00a0se sirvi\u00f3 el chocolate de San Blas, un acto organizado por\u00a0\u00a0la Asociaci\u00f3n de Mujeres Virgen del Rosario.<\/p>\n<p>&nbsp;<\/p>\n<div id='gallery-1' class='gallery galleryid-847 gallery-columns-3 gallery-size-thumbnail'><figure class='gallery-item'>\n\t\t\t<div class='gallery-icon portrait'>\n\t\t\t\t<a rel='attachment' href='https:\/\/aytoelmaillo.org\/?attachment_id=849'><img width=\"150\" height=\"150\" src=\"https:\/\/aytoelmaillo.org\/wp-content\/uploads\/2020\/02\/IMG-20200203-WA0023-150x150.jpg\" class=\"attachment-thumbnail size-thumbnail\" alt=\"\" decoding=\"async\" loading=\"lazy\" srcset=\"https:\/\/aytoelmaillo.org\/wp-content\/uploads\/2020\/02\/IMG-20200203-WA0023-150x150.jpg 150w, https:\/\/aytoelmaillo.org\/wp-content\/uploads\/2020\/02\/IMG-20200203-WA0023-432x432.jpg 432w, https:\/\/aytoelmaillo.org\/wp-content\/uploads\/2020\/02\/IMG-20200203-WA0023-268x268.jpg 268w\" sizes=\"(max-width: 150px) 100vw, 150px\" \/><\/a>\n\t\t\t<\/div><\/figure><figure class='gallery-item'>\n\t\t\t<div class='gallery-icon portrait'>\n\t\t\t\t<a rel='attachment' href='https:\/\/aytoelmaillo.org\/?attachment_id=850'><img width=\"150\" height=\"150\" src=\"https:\/\/aytoelmaillo.org\/wp-content\/uploads\/2020\/02\/IMG-20200203-WA0019-150x150.jpg\" class=\"attachment-thumbnail size-thumbnail\" alt=\"\" decoding=\"async\" loading=\"lazy\" srcset=\"https:\/\/aytoelmaillo.org\/wp-content\/uploads\/2020\/02\/IMG-20200203-WA0019-150x150.jpg 150w, https:\/\/aytoelmaillo.org\/wp-content\/uploads\/2020\/02\/IMG-20200203-WA0019-432x432.jpg 432w, https:\/\/aytoelmaillo.org\/wp-content\/uploads\/2020\/02\/IMG-20200203-WA0019-268x268.jpg 268w\" sizes=\"(max-width: 150px) 100vw, 150px\" \/><\/a>\n\t\t\t<\/div><\/figure><figure class='gallery-item'>\n\t\t\t<div class='gallery-icon portrait'>\n\t\t\t\t<a rel='attachment' href='https:\/\/aytoelmaillo.org\/?attachment_id=851'><img width=\"150\" height=\"150\" src=\"https:\/\/aytoelmaillo.org\/wp-content\/uploads\/2020\/02\/IMG-20200203-WA0020-150x150.jpg\" class=\"attachment-thumbnail size-thumbnail\" alt=\"\" decoding=\"async\" loading=\"lazy\" srcset=\"https:\/\/aytoelmaillo.org\/wp-content\/uploads\/2020\/02\/IMG-20200203-WA0020-150x150.jpg 150w, https:\/\/aytoelmaillo.org\/wp-content\/uploads\/2020\/02\/IMG-20200203-WA0020-432x432.jpg 432w, https:\/\/aytoelmaillo.org\/wp-content\/uploads\/2020\/02\/IMG-20200203-WA0020-268x268.jpg 268w\" sizes=\"(max-width: 150px) 100vw, 150px\" \/><\/a>\n\t\t\t<\/div><\/figure><figure class='gallery-item'>\n\t\t\t<div class='gallery-icon portrait'>\n\t\t\t\t<a rel='attachment' href='https:\/\/aytoelmaillo.org\/?attachment_id=852'><img width=\"150\" height=\"150\" src=\"https:\/\/aytoelmaillo.org\/wp-content\/uploads\/2020\/02\/IMG-20200203-WA0021-150x150.jpg\" class=\"attachment-thumbnail size-thumbnail\" alt=\"\" decoding=\"async\" loading=\"lazy\" srcset=\"https:\/\/aytoelmaillo.org\/wp-content\/uploads\/2020\/02\/IMG-20200203-WA0021-150x150.jpg 150w, https:\/\/aytoelmaillo.org\/wp-content\/uploads\/2020\/02\/IMG-20200203-WA0021-432x432.jpg 432w, https:\/\/aytoelmaillo.org\/wp-content\/uploads\/2020\/02\/IMG-20200203-WA0021-268x268.jpg 268w\" sizes=\"(max-width: 150px) 100vw, 150px\" \/><\/a>\n\t\t\t<\/div><\/figure><figure class='gallery-item'>\n\t\t\t<div class='gallery-icon portrait'>\n\t\t\t\t<a rel='attachment' href='https:\/\/aytoelmaillo.org\/?attachment_id=853'><img width=\"150\" height=\"150\" src=\"https:\/\/aytoelmaillo.org\/wp-content\/uploads\/2020\/02\/IMG-20200203-WA0022-150x150.jpg\" class=\"attachment-thumbnail size-thumbnail\" alt=\"\" decoding=\"async\" loading=\"lazy\" srcset=\"https:\/\/aytoelmaillo.org\/wp-content\/uploads\/2020\/02\/IMG-20200203-WA0022-150x150.jpg 150w, https:\/\/aytoelmaillo.org\/wp-content\/uploads\/2020\/02\/IMG-20200203-WA0022-432x432.jpg 432w, https:\/\/aytoelmaillo.org\/wp-content\/uploads\/2020\/02\/IMG-20200203-WA0022-268x268.jpg 268w\" sizes=\"(max-width: 150px) 100vw, 150px\" \/><\/a>\n\t\t\t<\/div><\/figure><figure class='gallery-item'>\n\t\t\t<div class='gallery-icon portrait'>\n\t\t\t\t<a rel='attachment' href='https:\/\/aytoelmaillo.org\/?attachment_id=854'><img width=\"150\" height=\"150\" src=\"https:\/\/aytoelmaillo.org\/wp-content\/uploads\/2020\/02\/IMG-20200203-WA0015-150x150.jpg\" class=\"attachment-thumbnail size-thumbnail\" alt=\"\" decoding=\"async\" loading=\"lazy\" srcset=\"https:\/\/aytoelmaillo.org\/wp-content\/uploads\/2020\/02\/IMG-20200203-WA0015-150x150.jpg 150w, https:\/\/aytoelmaillo.org\/wp-content\/uploads\/2020\/02\/IMG-20200203-WA0015-432x432.jpg 432w, https:\/\/aytoelmaillo.org\/wp-content\/uploads\/2020\/02\/IMG-20200203-WA0015-268x268.jpg 268w\" sizes=\"(max-width: 150px) 100vw, 150px\" \/><\/a>\n\t\t\t<\/div><\/figure><figure class='gallery-item'>\n\t\t\t<div class='gallery-icon portrait'>\n\t\t\t\t<a rel='attachment' href='https:\/\/aytoelmaillo.org\/?attachment_id=855'><img width=\"150\" height=\"150\" src=\"https:\/\/aytoelmaillo.org\/wp-content\/uploads\/2020\/02\/IMG-20200203-WA0016-150x150.jpg\" class=\"attachment-thumbnail size-thumbnail\" alt=\"\" decoding=\"async\" loading=\"lazy\" srcset=\"https:\/\/aytoelmaillo.org\/wp-content\/uploads\/2020\/02\/IMG-20200203-WA0016-150x150.jpg 150w, https:\/\/aytoelmaillo.org\/wp-content\/uploads\/2020\/02\/IMG-20200203-WA0016-432x432.jpg 432w, https:\/\/aytoelmaillo.org\/wp-content\/uploads\/2020\/02\/IMG-20200203-WA0016-268x268.jpg 268w\" sizes=\"(max-width: 150px) 100vw, 150px\" \/><\/a>\n\t\t\t<\/div><\/figure><figure class='gallery-item'>\n\t\t\t<div class='gallery-icon portrait'>\n\t\t\t\t<a rel='attachment' href='https:\/\/aytoelmaillo.org\/?attachment_id=856'><img width=\"150\" height=\"150\" src=\"https:\/\/aytoelmaillo.org\/wp-content\/uploads\/2020\/02\/IMG-20200203-WA0018-150x150.jpg\" class=\"attachment-thumbnail size-thumbnail\" alt=\"\" decoding=\"async\" loading=\"lazy\" srcset=\"https:\/\/aytoelmaillo.org\/wp-content\/uploads\/2020\/02\/IMG-20200203-WA0018-150x150.jpg 150w, https:\/\/aytoelmaillo.org\/wp-content\/uploads\/2020\/02\/IMG-20200203-WA0018-432x432.jpg 432w, https:\/\/aytoelmaillo.org\/wp-content\/uploads\/2020\/02\/IMG-20200203-WA0018-268x268.jpg 268w\" sizes=\"(max-width: 150px) 100vw, 150px\" \/><\/a>\n\t\t\t<\/div><\/figure>\n\t\t<\/div>\n\n","protected":false},"excerpt":{"rendered":"<p>El Ma\u00edllo, 3 de febrero 2020.- La localidad de El Ma\u00edllo celebr\u00f3 la festividad de San Blas con la tradicional misa, procesi\u00f3n y bendici\u00f3n de gargantillas. Tras los actos lit\u00fargicos, el Ayuntamiento organiz\u00f3 una comida popular en el Corral de Concejo. Para completar los actos de San Blas,\u00a0por la tare &#8230;<\/p>\n","protected":false},"author":1,"featured_media":851,"comment_status":"closed","ping_status":"closed","sticky":false,"template":"","format":"standard","meta":{"footnotes":""},"categories":[19],"tags":[],"_links":{"self":[{"href":"https:\/\/aytoelmaillo.org\/index.php?rest_route=\/wp\/v2\/posts\/847"}],"collection":[{"href":"https:\/\/aytoelmaillo.org\/index.php?rest_route=\/wp\/v2\/posts"}],"about":[{"href":"https:\/\/aytoelmaillo.org\/index.php?rest_route=\/wp\/v2\/types\/post"}],"author":[{"embeddable":true,"href":"https:\/\/aytoelmaillo.org\/index.php?rest_route=\/wp\/v2\/users\/1"}],"replies":[{"embeddable":true,"href":"https:\/\/aytoelmaillo.org\/index.php?rest_route=%2Fwp%2Fv2%2Fcomments&post=847"}],"version-history":[{"count":2,"href":"https:\/\/aytoelmaillo.org\/index.php?rest_route=\/wp\/v2\/posts\/847\/revisions"}],"predecessor-version":[{"id":857,"href":"https:\/\/aytoelmaillo.org\/index.php?rest_route=\/wp\/v2\/posts\/847\/revisions\/857"}],"wp:featuredmedia":[{"embeddable":true,"href":"https:\/\/aytoelmaillo.org\/index.php?rest_route=\/wp\/v2\/media\/851"}],"wp:attachment":[{"href":"https:\/\/aytoelmaillo.org\/index.php?rest_route=%2Fwp%2Fv2%2Fmedia&parent=847"}],"wp:term":[{"taxonomy":"category","embeddable":true,"href":"https:\/\/aytoelmaillo.org\/index.php?rest_route=%2Fwp%2Fv2%2Fcategories&post=847"},{"taxonomy":"post_tag","embeddable":true,"href":"https:\/\/aytoelmaillo.org\/index.php?rest_route=%2Fwp%2Fv2%2Ftags&post=847"}],"curies":[{"name":"wp","href":"https:\/\/api.w.org\/{rel}","templated":true}]}}