{"id":828,"date":"2020-01-28T15:17:08","date_gmt":"2020-01-28T15:17:08","guid":{"rendered":"http:\/\/aytoelmaillo.org\/?p=828"},"modified":"2020-01-28T15:24:45","modified_gmt":"2020-01-28T15:24:45","slug":"el-maillo-celebrara-los-dias-2-y-3-de-de-febrero-las-festividades-de-las-candelas-y-de-san-blas","status":"publish","type":"post","link":"https:\/\/aytoelmaillo.org\/?p=828","title":{"rendered":"El Ma\u00edllo celebrar\u00e1 los d\u00edas 2 y 3 de de febrero las festividades de Las Candelas y de San Blas"},"content":{"rendered":"<p><a href=\"http:\/\/aytoelmaillo.org\/wp-content\/uploads\/2020\/01\/IMG-20200128-WA0001.jpg\"><img decoding=\"async\" loading=\"lazy\" class=\"alignnone size-full wp-image-830\" src=\"http:\/\/aytoelmaillo.org\/wp-content\/uploads\/2020\/01\/IMG-20200128-WA0001.jpg\" alt=\"IMG-20200128-WA0001\" width=\"1080\" height=\"787\" srcset=\"https:\/\/aytoelmaillo.org\/wp-content\/uploads\/2020\/01\/IMG-20200128-WA0001.jpg 1080w, https:\/\/aytoelmaillo.org\/wp-content\/uploads\/2020\/01\/IMG-20200128-WA0001-300x218.jpg 300w, https:\/\/aytoelmaillo.org\/wp-content\/uploads\/2020\/01\/IMG-20200128-WA0001-1024x746.jpg 1024w, https:\/\/aytoelmaillo.org\/wp-content\/uploads\/2020\/01\/IMG-20200128-WA0001-700x510.jpg 700w\" sizes=\"(max-width: 1080px) 100vw, 1080px\" \/><\/a><\/p>\n<p><strong>El Ma\u00edllo, 28 de enero de 2020.-<\/strong><\/p>\n<p>La localidad de El Ma\u00edllo celebrar\u00e1 los d\u00edas 2 y 3 de febrero las festividades de Las Candelas y de San Blas con diferentes actividades l\u00fadicas y festivas, donde tambi\u00e9n habr\u00e1 cine y teatro.<\/p>\n<p><strong>LAS CANDELAS<\/strong><\/p>\n<p>El 2 de febrero, la Asociaci\u00f3n de Mujeres Virgen del Rosario ha organizado una comida de mujeres en el Corral de Concejo a las tres de la tarde, con motivo de Las Candelas.<\/p>\n<p>Ese mismo d\u00eda, dentro del Pacto de Estado contra la Violencia de G\u00e9nero, el Ayuntamiento de El Ma\u00edllo ha organizado una sesi\u00f3n de \u00abCuentos por la Igualdad\u00bb que correr\u00e1 a cargo de Charo Jaular y que tendr\u00e1 lugar en el Corral de Concejo a partir de las cinco de la tarde.<\/p>\n<p><strong>SAN BLAS<\/strong><\/p>\n<p>Al d\u00eda siguiente, 3 de febrero, tras la tradicional misa de San Blas, el Ayuntamiento ha organizado una comida popular que tendr\u00e1 lugar en el Corral de Concejo.<\/p>\n<p>Para completar los actos de San Blas, a las cuatro de la tarde, se proyectar\u00e1 la pel\u00edcula \u00abLos Jap\u00f3n\u00bb en el Aula de Cultura de La Hermandad.<\/p>\n<p>Tras la sesi\u00f3n de cine, a las seis de la tarde, se servir\u00e1 el chocolate de San Blas, un acto organizado por\u00a0\u00a0la Asociaci\u00f3n de Mujeres Virgen del Rosario.<\/p>\n<p>&nbsp;<\/p>\n","protected":false},"excerpt":{"rendered":"<p>El Ma\u00edllo, 28 de enero de 2020.- La localidad de El Ma\u00edllo celebrar\u00e1 los d\u00edas 2 y 3 de febrero las festividades de Las Candelas y de San Blas con diferentes actividades l\u00fadicas y festivas, donde tambi\u00e9n habr\u00e1 cine y teatro. LAS CANDELAS El 2 de febrero, la Asociaci\u00f3n de &#8230;<\/p>\n","protected":false},"author":1,"featured_media":830,"comment_status":"closed","ping_status":"closed","sticky":false,"template":"","format":"standard","meta":{"footnotes":""},"categories":[19],"tags":[],"_links":{"self":[{"href":"https:\/\/aytoelmaillo.org\/index.php?rest_route=\/wp\/v2\/posts\/828"}],"collection":[{"href":"https:\/\/aytoelmaillo.org\/index.php?rest_route=\/wp\/v2\/posts"}],"about":[{"href":"https:\/\/aytoelmaillo.org\/index.php?rest_route=\/wp\/v2\/types\/post"}],"author":[{"embeddable":true,"href":"https:\/\/aytoelmaillo.org\/index.php?rest_route=\/wp\/v2\/users\/1"}],"replies":[{"embeddable":true,"href":"https:\/\/aytoelmaillo.org\/index.php?rest_route=%2Fwp%2Fv2%2Fcomments&post=828"}],"version-history":[{"count":3,"href":"https:\/\/aytoelmaillo.org\/index.php?rest_route=\/wp\/v2\/posts\/828\/revisions"}],"predecessor-version":[{"id":832,"href":"https:\/\/aytoelmaillo.org\/index.php?rest_route=\/wp\/v2\/posts\/828\/revisions\/832"}],"wp:featuredmedia":[{"embeddable":true,"href":"https:\/\/aytoelmaillo.org\/index.php?rest_route=\/wp\/v2\/media\/830"}],"wp:attachment":[{"href":"https:\/\/aytoelmaillo.org\/index.php?rest_route=%2Fwp%2Fv2%2Fmedia&parent=828"}],"wp:term":[{"taxonomy":"category","embeddable":true,"href":"https:\/\/aytoelmaillo.org\/index.php?rest_route=%2Fwp%2Fv2%2Fcategories&post=828"},{"taxonomy":"post_tag","embeddable":true,"href":"https:\/\/aytoelmaillo.org\/index.php?rest_route=%2Fwp%2Fv2%2Ftags&post=828"}],"curies":[{"name":"wp","href":"https:\/\/api.w.org\/{rel}","templated":true}]}}