{"id":820,"date":"2020-01-24T14:05:20","date_gmt":"2020-01-24T14:05:20","guid":{"rendered":"http:\/\/aytoelmaillo.org\/?p=820"},"modified":"2020-01-25T14:14:12","modified_gmt":"2020-01-25T14:14:12","slug":"colocada-la-infraestructura-que-dara-cobertura-de-telefonia-movil-para-movistar-y-orange-en-el-maillo","status":"publish","type":"post","link":"https:\/\/aytoelmaillo.org\/?p=820","title":{"rendered":"Colocada la infraestructura que dar\u00e1 cobertura de telefon\u00eda m\u00f3vil para Movistar y Orange en El Ma\u00edllo"},"content":{"rendered":"<p><strong>El Ma\u00edllo, 24 de enero de 2020.<\/strong>&#8211;<\/p>\n<p>Durante la jornada del viernes, 24 de enero de 2020, fue colocada la nueva torre de telefon\u00eda m\u00f3vil para mejorar la potencia\u00a0 de la se\u00f1al de Movistar y Orange en el t\u00e9rmino de El Ma\u00edllo.<\/p>\n<p>Est\u00e1 ubicada en el enclave denominado \u201cLa Mata el Montero\u201d,\u00a0localizada en el Monte de Utilidad P\u00fablica n\u00ba 24, propiedad del Ayuntamiento y gestionado por la\u00a0Junta de Castilla y Le\u00f3n.<\/p>\n<p>Se har\u00e1 una ocupaci\u00f3n de los terrenos por un periodo de 5 a\u00f1os, prorrogables, con un alquiler de 2000 \u20ac anuales, de los cuales el 85 % van directamente a las arcas municipales\u00a0 y el\u00a0 restante 15% se destinar\u00e1 al fondo de mejoras del monte que gestiona la\u00a0Junta de Castilla y L\u00e9on y que revierte al monte para su mantenimiento.<\/p>\n<p><a href=\"http:\/\/aytoelmaillo.org\/wp-content\/uploads\/2020\/01\/IMG_20200125_150254.jpg\"><img decoding=\"async\" loading=\"lazy\" class=\"alignnone size-full wp-image-822\" src=\"http:\/\/aytoelmaillo.org\/wp-content\/uploads\/2020\/01\/IMG_20200125_150254.jpg\" alt=\"IMG_20200125_150254\" width=\"899\" height=\"1150\" srcset=\"https:\/\/aytoelmaillo.org\/wp-content\/uploads\/2020\/01\/IMG_20200125_150254.jpg 899w, https:\/\/aytoelmaillo.org\/wp-content\/uploads\/2020\/01\/IMG_20200125_150254-234x300.jpg 234w, https:\/\/aytoelmaillo.org\/wp-content\/uploads\/2020\/01\/IMG_20200125_150254-800x1024.jpg 800w, https:\/\/aytoelmaillo.org\/wp-content\/uploads\/2020\/01\/IMG_20200125_150254-700x895.jpg 700w\" sizes=\"(max-width: 899px) 100vw, 899px\" \/><\/a><\/p>\n<p><a href=\"http:\/\/aytoelmaillo.org\/wp-content\/uploads\/2020\/01\/IMG_20200125_150325.jpg\"><img decoding=\"async\" loading=\"lazy\" class=\"alignnone size-full wp-image-821\" src=\"http:\/\/aytoelmaillo.org\/wp-content\/uploads\/2020\/01\/IMG_20200125_150325.jpg\" alt=\"IMG_20200125_150325\" width=\"899\" height=\"1599\" srcset=\"https:\/\/aytoelmaillo.org\/wp-content\/uploads\/2020\/01\/IMG_20200125_150325.jpg 899w, https:\/\/aytoelmaillo.org\/wp-content\/uploads\/2020\/01\/IMG_20200125_150325-168x300.jpg 168w, https:\/\/aytoelmaillo.org\/wp-content\/uploads\/2020\/01\/IMG_20200125_150325-575x1024.jpg 575w, https:\/\/aytoelmaillo.org\/wp-content\/uploads\/2020\/01\/IMG_20200125_150325-700x1245.jpg 700w\" sizes=\"(max-width: 899px) 100vw, 899px\" \/><\/a><\/p>\n<p><a href=\"http:\/\/aytoelmaillo.org\/wp-content\/uploads\/2020\/01\/IMG_20200125_150223.jpg\"><img decoding=\"async\" loading=\"lazy\" class=\"alignnone size-full wp-image-823\" src=\"http:\/\/aytoelmaillo.org\/wp-content\/uploads\/2020\/01\/IMG_20200125_150223.jpg\" alt=\"IMG_20200125_150223\" width=\"899\" height=\"899\" srcset=\"https:\/\/aytoelmaillo.org\/wp-content\/uploads\/2020\/01\/IMG_20200125_150223.jpg 899w, https:\/\/aytoelmaillo.org\/wp-content\/uploads\/2020\/01\/IMG_20200125_150223-150x150.jpg 150w, https:\/\/aytoelmaillo.org\/wp-content\/uploads\/2020\/01\/IMG_20200125_150223-300x300.jpg 300w, https:\/\/aytoelmaillo.org\/wp-content\/uploads\/2020\/01\/IMG_20200125_150223-432x432.jpg 432w, https:\/\/aytoelmaillo.org\/wp-content\/uploads\/2020\/01\/IMG_20200125_150223-268x268.jpg 268w, https:\/\/aytoelmaillo.org\/wp-content\/uploads\/2020\/01\/IMG_20200125_150223-700x700.jpg 700w\" sizes=\"(max-width: 899px) 100vw, 899px\" \/><\/a><\/p>\n","protected":false},"excerpt":{"rendered":"<p>El Ma\u00edllo, 24 de enero de 2020.&#8211; Durante la jornada del viernes, 24 de enero de 2020, fue colocada la nueva torre de telefon\u00eda m\u00f3vil para mejorar la potencia\u00a0 de la se\u00f1al de Movistar y Orange en el t\u00e9rmino de El Ma\u00edllo. Est\u00e1 ubicada en el enclave denominado \u201cLa Mata &#8230;<\/p>\n","protected":false},"author":1,"featured_media":822,"comment_status":"closed","ping_status":"closed","sticky":false,"template":"","format":"standard","meta":{"footnotes":""},"categories":[19],"tags":[],"_links":{"self":[{"href":"https:\/\/aytoelmaillo.org\/index.php?rest_route=\/wp\/v2\/posts\/820"}],"collection":[{"href":"https:\/\/aytoelmaillo.org\/index.php?rest_route=\/wp\/v2\/posts"}],"about":[{"href":"https:\/\/aytoelmaillo.org\/index.php?rest_route=\/wp\/v2\/types\/post"}],"author":[{"embeddable":true,"href":"https:\/\/aytoelmaillo.org\/index.php?rest_route=\/wp\/v2\/users\/1"}],"replies":[{"embeddable":true,"href":"https:\/\/aytoelmaillo.org\/index.php?rest_route=%2Fwp%2Fv2%2Fcomments&post=820"}],"version-history":[{"count":4,"href":"https:\/\/aytoelmaillo.org\/index.php?rest_route=\/wp\/v2\/posts\/820\/revisions"}],"predecessor-version":[{"id":827,"href":"https:\/\/aytoelmaillo.org\/index.php?rest_route=\/wp\/v2\/posts\/820\/revisions\/827"}],"wp:featuredmedia":[{"embeddable":true,"href":"https:\/\/aytoelmaillo.org\/index.php?rest_route=\/wp\/v2\/media\/822"}],"wp:attachment":[{"href":"https:\/\/aytoelmaillo.org\/index.php?rest_route=%2Fwp%2Fv2%2Fmedia&parent=820"}],"wp:term":[{"taxonomy":"category","embeddable":true,"href":"https:\/\/aytoelmaillo.org\/index.php?rest_route=%2Fwp%2Fv2%2Fcategories&post=820"},{"taxonomy":"post_tag","embeddable":true,"href":"https:\/\/aytoelmaillo.org\/index.php?rest_route=%2Fwp%2Fv2%2Ftags&post=820"}],"curies":[{"name":"wp","href":"https:\/\/api.w.org\/{rel}","templated":true}]}}