{"id":812,"date":"2020-01-15T09:40:47","date_gmt":"2020-01-15T09:40:47","guid":{"rendered":"http:\/\/aytoelmaillo.org\/?p=812"},"modified":"2020-01-15T09:41:53","modified_gmt":"2020-01-15T09:41:53","slug":"nueva-instalacion-de-una-antena-para-telefonia-movil-en-el-maillo","status":"publish","type":"post","link":"https:\/\/aytoelmaillo.org\/?p=812","title":{"rendered":"Nueva instalaci\u00f3n de una antena para telefon\u00eda m\u00f3vil en El Ma\u00edllo"},"content":{"rendered":"<p><a href=\"http:\/\/aytoelmaillo.org\/wp-content\/uploads\/2020\/01\/el-maillo-antena-1.jpg\"><img decoding=\"async\" loading=\"lazy\" class=\"alignnone size-full wp-image-813\" src=\"http:\/\/aytoelmaillo.org\/wp-content\/uploads\/2020\/01\/el-maillo-antena-1.jpg\" alt=\"el maillo antena 1\" width=\"1196\" height=\"996\" srcset=\"https:\/\/aytoelmaillo.org\/wp-content\/uploads\/2020\/01\/el-maillo-antena-1.jpg 1196w, https:\/\/aytoelmaillo.org\/wp-content\/uploads\/2020\/01\/el-maillo-antena-1-300x249.jpg 300w, https:\/\/aytoelmaillo.org\/wp-content\/uploads\/2020\/01\/el-maillo-antena-1-1024x852.jpg 1024w, https:\/\/aytoelmaillo.org\/wp-content\/uploads\/2020\/01\/el-maillo-antena-1-700x582.jpg 700w\" sizes=\"(max-width: 1196px) 100vw, 1196px\" \/><\/a><\/p>\n<p><strong>15 enero 2020, El Ma\u00edllo.-<\/strong><\/p>\n<p>El Ma\u00edllo contar\u00e1 con una nueva infraestructura para telefon\u00eda m\u00f3vil, ya que desde ayer martes, 14 de enero de 2020, se est\u00e1n desarrollando las obras para la instalaci\u00f3n de una antena repetidora de se\u00f1al que abastecer\u00e1 a las compa\u00f1\u00edas de Movistar y Orange.<\/p>\n<p>Estar\u00e1 ubicada en el enclave denominado \u00abLa Mata el Montero\u00bb,\u00a0localizada en el Monte de Utilidad P\u00fablica n\u00ba 24, propiedad del Ayuntamiento y gestionado por la\u00a0Junta de Castilla y Le\u00f3n.<\/p>\n<p>Se har\u00e1 una ocupaci\u00f3n de los terrenos por un periodo de 5 a\u00f1os, prorrogables, con un alquiler de 2000 \u20ac anuales, de los cuales el 85 % van directamente a las arcas municipales\u00a0 y el\u00a0 restante 15% se destinar\u00e1 al fondo de mejoras del monte que gestiona la\u00a0Junta de Castilla y L\u00e9on y que revierte al monte para su mantenimiento.<\/p>\n<div id='gallery-1' class='gallery galleryid-812 gallery-columns-3 gallery-size-thumbnail'><figure class='gallery-item'>\n\t\t\t<div class='gallery-icon landscape'>\n\t\t\t\t<a rel='attachment' href='https:\/\/aytoelmaillo.org\/?attachment_id=813'><img width=\"150\" height=\"150\" src=\"https:\/\/aytoelmaillo.org\/wp-content\/uploads\/2020\/01\/el-maillo-antena-1-150x150.jpg\" class=\"attachment-thumbnail size-thumbnail\" alt=\"\" decoding=\"async\" loading=\"lazy\" srcset=\"https:\/\/aytoelmaillo.org\/wp-content\/uploads\/2020\/01\/el-maillo-antena-1-150x150.jpg 150w, https:\/\/aytoelmaillo.org\/wp-content\/uploads\/2020\/01\/el-maillo-antena-1-432x432.jpg 432w, https:\/\/aytoelmaillo.org\/wp-content\/uploads\/2020\/01\/el-maillo-antena-1-268x268.jpg 268w\" sizes=\"(max-width: 150px) 100vw, 150px\" \/><\/a>\n\t\t\t<\/div><\/figure><figure class='gallery-item'>\n\t\t\t<div class='gallery-icon landscape'>\n\t\t\t\t<a rel='attachment' href='https:\/\/aytoelmaillo.org\/?attachment_id=814'><img width=\"150\" height=\"150\" src=\"https:\/\/aytoelmaillo.org\/wp-content\/uploads\/2020\/01\/el-maillo-antena-2-150x150.jpg\" class=\"attachment-thumbnail size-thumbnail\" alt=\"\" decoding=\"async\" loading=\"lazy\" srcset=\"https:\/\/aytoelmaillo.org\/wp-content\/uploads\/2020\/01\/el-maillo-antena-2-150x150.jpg 150w, https:\/\/aytoelmaillo.org\/wp-content\/uploads\/2020\/01\/el-maillo-antena-2-432x432.jpg 432w, https:\/\/aytoelmaillo.org\/wp-content\/uploads\/2020\/01\/el-maillo-antena-2-268x268.jpg 268w\" sizes=\"(max-width: 150px) 100vw, 150px\" \/><\/a>\n\t\t\t<\/div><\/figure><figure class='gallery-item'>\n\t\t\t<div class='gallery-icon landscape'>\n\t\t\t\t<a rel='attachment' href='https:\/\/aytoelmaillo.org\/?attachment_id=815'><img width=\"150\" height=\"150\" src=\"https:\/\/aytoelmaillo.org\/wp-content\/uploads\/2020\/01\/el-maillo-antena-3-150x150.jpg\" class=\"attachment-thumbnail size-thumbnail\" alt=\"\" decoding=\"async\" loading=\"lazy\" srcset=\"https:\/\/aytoelmaillo.org\/wp-content\/uploads\/2020\/01\/el-maillo-antena-3-150x150.jpg 150w, https:\/\/aytoelmaillo.org\/wp-content\/uploads\/2020\/01\/el-maillo-antena-3-432x432.jpg 432w, https:\/\/aytoelmaillo.org\/wp-content\/uploads\/2020\/01\/el-maillo-antena-3-268x268.jpg 268w\" sizes=\"(max-width: 150px) 100vw, 150px\" \/><\/a>\n\t\t\t<\/div><\/figure>\n\t\t<\/div>\n\n","protected":false},"excerpt":{"rendered":"<p>15 enero 2020, El Ma\u00edllo.- El Ma\u00edllo contar\u00e1 con una nueva infraestructura para telefon\u00eda m\u00f3vil, ya que desde ayer martes, 14 de enero de 2020, se est\u00e1n desarrollando las obras para la instalaci\u00f3n de una antena repetidora de se\u00f1al que abastecer\u00e1 a las compa\u00f1\u00edas de Movistar y Orange. Estar\u00e1 ubicada &#8230;<\/p>\n","protected":false},"author":1,"featured_media":813,"comment_status":"closed","ping_status":"closed","sticky":false,"template":"","format":"standard","meta":{"footnotes":""},"categories":[19],"tags":[],"_links":{"self":[{"href":"https:\/\/aytoelmaillo.org\/index.php?rest_route=\/wp\/v2\/posts\/812"}],"collection":[{"href":"https:\/\/aytoelmaillo.org\/index.php?rest_route=\/wp\/v2\/posts"}],"about":[{"href":"https:\/\/aytoelmaillo.org\/index.php?rest_route=\/wp\/v2\/types\/post"}],"author":[{"embeddable":true,"href":"https:\/\/aytoelmaillo.org\/index.php?rest_route=\/wp\/v2\/users\/1"}],"replies":[{"embeddable":true,"href":"https:\/\/aytoelmaillo.org\/index.php?rest_route=%2Fwp%2Fv2%2Fcomments&post=812"}],"version-history":[{"count":3,"href":"https:\/\/aytoelmaillo.org\/index.php?rest_route=\/wp\/v2\/posts\/812\/revisions"}],"predecessor-version":[{"id":818,"href":"https:\/\/aytoelmaillo.org\/index.php?rest_route=\/wp\/v2\/posts\/812\/revisions\/818"}],"wp:featuredmedia":[{"embeddable":true,"href":"https:\/\/aytoelmaillo.org\/index.php?rest_route=\/wp\/v2\/media\/813"}],"wp:attachment":[{"href":"https:\/\/aytoelmaillo.org\/index.php?rest_route=%2Fwp%2Fv2%2Fmedia&parent=812"}],"wp:term":[{"taxonomy":"category","embeddable":true,"href":"https:\/\/aytoelmaillo.org\/index.php?rest_route=%2Fwp%2Fv2%2Fcategories&post=812"},{"taxonomy":"post_tag","embeddable":true,"href":"https:\/\/aytoelmaillo.org\/index.php?rest_route=%2Fwp%2Fv2%2Ftags&post=812"}],"curies":[{"name":"wp","href":"https:\/\/api.w.org\/{rel}","templated":true}]}}