{"id":1034,"date":"2022-01-05T15:23:30","date_gmt":"2022-01-05T15:23:30","guid":{"rendered":"http:\/\/aytoelmaillo.org\/?p=1034"},"modified":"2022-01-06T15:23:55","modified_gmt":"2022-01-06T15:23:55","slug":"los-reyes-magos-reparten-los-regalos-en-la-iglesia-maria-magdalena-de-el-maillo","status":"publish","type":"post","link":"https:\/\/aytoelmaillo.org\/?p=1034","title":{"rendered":"Los Reyes Magos reparten los regalos en la iglesia Mar\u00eda Magdalena de El Ma\u00edllo"},"content":{"rendered":"\n<figure class=\"wp-block-image\"><img decoding=\"async\" loading=\"lazy\" width=\"1024\" height=\"768\" src=\"http:\/\/aytoelmaillo.org\/wp-content\/uploads\/2022\/01\/IMG-20220105-WA0002-1024x768.jpg\" alt=\"\" class=\"wp-image-1032\" srcset=\"https:\/\/aytoelmaillo.org\/wp-content\/uploads\/2022\/01\/IMG-20220105-WA0002-1024x768.jpg 1024w, https:\/\/aytoelmaillo.org\/wp-content\/uploads\/2022\/01\/IMG-20220105-WA0002-300x225.jpg 300w, https:\/\/aytoelmaillo.org\/wp-content\/uploads\/2022\/01\/IMG-20220105-WA0002-768x576.jpg 768w, https:\/\/aytoelmaillo.org\/wp-content\/uploads\/2022\/01\/IMG-20220105-WA0002-700x525.jpg 700w, https:\/\/aytoelmaillo.org\/wp-content\/uploads\/2022\/01\/IMG-20220105-WA0002.jpg 2048w\" sizes=\"(max-width: 1024px) 100vw, 1024px\" \/><\/figure>\n\n\n\n<p><strong>El Ma\u00edllo, 5 enero 2022<\/strong>.- Los Reyes Magos fueron adorados en la iglesia parroquial Mar\u00eda Magdalena de El Ma\u00edllo durante la tarde-noche del 5 de enero de 2022.<\/p>\n\n\n\n<p>Las personas se agruparon por grupos familiares para mantener la distancia y SSMM repartieron los regalos a mayores y peque\u00f1os.<\/p>\n\n\n\n<p>Un acto que estuvo dirigido por el p\u00e1rroco, Juan Carlos S\u00e1nchez, y cont\u00f3 con la representaci\u00f3n municipal.<\/p>\n\n\n\n<ul class=\"wp-block-gallery columns-2 is-cropped wp-block-gallery-1 is-layout-flex wp-block-gallery-is-layout-flex\"><li class=\"blocks-gallery-item\"><figure><img decoding=\"async\" loading=\"lazy\" width=\"1024\" height=\"768\" src=\"http:\/\/aytoelmaillo.org\/wp-content\/uploads\/2022\/01\/IMG-20220105-WA0001-1024x768.jpg\" alt=\"\" data-id=\"1033\" data-link=\"http:\/\/aytoelmaillo.org\/?attachment_id=1033\" class=\"wp-image-1033\" srcset=\"https:\/\/aytoelmaillo.org\/wp-content\/uploads\/2022\/01\/IMG-20220105-WA0001-1024x768.jpg 1024w, https:\/\/aytoelmaillo.org\/wp-content\/uploads\/2022\/01\/IMG-20220105-WA0001-300x225.jpg 300w, https:\/\/aytoelmaillo.org\/wp-content\/uploads\/2022\/01\/IMG-20220105-WA0001-768x576.jpg 768w, https:\/\/aytoelmaillo.org\/wp-content\/uploads\/2022\/01\/IMG-20220105-WA0001-700x525.jpg 700w, https:\/\/aytoelmaillo.org\/wp-content\/uploads\/2022\/01\/IMG-20220105-WA0001.jpg 2048w\" sizes=\"(max-width: 1024px) 100vw, 1024px\" \/><\/figure><\/li><li class=\"blocks-gallery-item\"><figure><img decoding=\"async\" loading=\"lazy\" width=\"1024\" height=\"768\" src=\"http:\/\/aytoelmaillo.org\/wp-content\/uploads\/2022\/01\/IMG-20220105-WA0003-1024x768.jpg\" alt=\"\" data-id=\"1031\" data-link=\"http:\/\/aytoelmaillo.org\/?attachment_id=1031\" class=\"wp-image-1031\" srcset=\"https:\/\/aytoelmaillo.org\/wp-content\/uploads\/2022\/01\/IMG-20220105-WA0003-1024x768.jpg 1024w, https:\/\/aytoelmaillo.org\/wp-content\/uploads\/2022\/01\/IMG-20220105-WA0003-300x225.jpg 300w, https:\/\/aytoelmaillo.org\/wp-content\/uploads\/2022\/01\/IMG-20220105-WA0003-768x576.jpg 768w, https:\/\/aytoelmaillo.org\/wp-content\/uploads\/2022\/01\/IMG-20220105-WA0003-700x525.jpg 700w, https:\/\/aytoelmaillo.org\/wp-content\/uploads\/2022\/01\/IMG-20220105-WA0003.jpg 2048w\" sizes=\"(max-width: 1024px) 100vw, 1024px\" \/><\/figure><\/li><\/ul>\n","protected":false},"excerpt":{"rendered":"<p>El Ma\u00edllo, 5 enero 2022.- Los Reyes Magos fueron adorados en la iglesia parroquial Mar\u00eda Magdalena de El Ma\u00edllo durante la tarde-noche del 5 de enero de 2022. Las personas se agruparon por grupos familiares para mantener la distancia y SSMM repartieron los regalos a mayores y peque\u00f1os. Un acto &#8230;<\/p>\n","protected":false},"author":1,"featured_media":0,"comment_status":"closed","ping_status":"closed","sticky":false,"template":"","format":"standard","meta":{"footnotes":""},"categories":[19],"tags":[],"_links":{"self":[{"href":"https:\/\/aytoelmaillo.org\/index.php?rest_route=\/wp\/v2\/posts\/1034"}],"collection":[{"href":"https:\/\/aytoelmaillo.org\/index.php?rest_route=\/wp\/v2\/posts"}],"about":[{"href":"https:\/\/aytoelmaillo.org\/index.php?rest_route=\/wp\/v2\/types\/post"}],"author":[{"embeddable":true,"href":"https:\/\/aytoelmaillo.org\/index.php?rest_route=\/wp\/v2\/users\/1"}],"replies":[{"embeddable":true,"href":"https:\/\/aytoelmaillo.org\/index.php?rest_route=%2Fwp%2Fv2%2Fcomments&post=1034"}],"version-history":[{"count":1,"href":"https:\/\/aytoelmaillo.org\/index.php?rest_route=\/wp\/v2\/posts\/1034\/revisions"}],"predecessor-version":[{"id":1035,"href":"https:\/\/aytoelmaillo.org\/index.php?rest_route=\/wp\/v2\/posts\/1034\/revisions\/1035"}],"wp:attachment":[{"href":"https:\/\/aytoelmaillo.org\/index.php?rest_route=%2Fwp%2Fv2%2Fmedia&parent=1034"}],"wp:term":[{"taxonomy":"category","embeddable":true,"href":"https:\/\/aytoelmaillo.org\/index.php?rest_route=%2Fwp%2Fv2%2Fcategories&post=1034"},{"taxonomy":"post_tag","embeddable":true,"href":"https:\/\/aytoelmaillo.org\/index.php?rest_route=%2Fwp%2Fv2%2Ftags&post=1034"}],"curies":[{"name":"wp","href":"https:\/\/api.w.org\/{rel}","templated":true}]}}