{"id":1016,"date":"2021-06-02T11:13:18","date_gmt":"2021-06-02T11:13:18","guid":{"rendered":"http:\/\/aytoelmaillo.org\/?p=1016"},"modified":"2021-06-02T11:16:03","modified_gmt":"2021-06-02T11:16:03","slug":"bases-y-bando-para-la-contratacion-de-un-conductor-de-camion-autobomba-para-el-verano-2021","status":"publish","type":"post","link":"https:\/\/aytoelmaillo.org\/?p=1016","title":{"rendered":"Bases y Bando para la contrataci\u00f3n de un conductor de cami\u00f3n autobomba para el verano 2021"},"content":{"rendered":"\n<p>El Ma\u00edllo, 2 junio 2021.- En los siguientes documentos se recoge la convocatoria para la contrataci\u00f3n de un conductor de cami\u00f3n autobomba para el verano 2021.<\/p>\n\n\n\n<div class=\"wp-block-file\"><a href=\"http:\/\/aytoelmaillo.org\/wp-content\/uploads\/2021\/06\/El-Maillo-contratacion-conductor-autobomba-verano-2021.pdf\">El Maillo contratacion conductor autobomba verano 2021<\/a><a href=\"http:\/\/aytoelmaillo.org\/wp-content\/uploads\/2021\/06\/El-Maillo-contratacion-conductor-autobomba-verano-2021.pdf\" class=\"wp-block-file__button\" download>Descarga<\/a><\/div>\n\n\n\n<div class=\"wp-block-file\"><a href=\"http:\/\/aytoelmaillo.org\/wp-content\/uploads\/2021\/06\/Bases-seleccion-conductor-autobomba-verao-2021.pdf\">Bases seleccion conductor autobomba verao 2021<\/a><a href=\"http:\/\/aytoelmaillo.org\/wp-content\/uploads\/2021\/06\/Bases-seleccion-conductor-autobomba-verao-2021.pdf\" class=\"wp-block-file__button\" download>Descarga<\/a><\/div>\n","protected":false},"excerpt":{"rendered":"<p>El Ma\u00edllo, 2 junio 2021.- En los siguientes documentos se recoge la convocatoria para la contrataci\u00f3n de un conductor de cami\u00f3n autobomba para el verano 2021.<\/p>\n","protected":false},"author":1,"featured_media":0,"comment_status":"closed","ping_status":"closed","sticky":false,"template":"","format":"standard","meta":{"footnotes":""},"categories":[19],"tags":[],"_links":{"self":[{"href":"https:\/\/aytoelmaillo.org\/index.php?rest_route=\/wp\/v2\/posts\/1016"}],"collection":[{"href":"https:\/\/aytoelmaillo.org\/index.php?rest_route=\/wp\/v2\/posts"}],"about":[{"href":"https:\/\/aytoelmaillo.org\/index.php?rest_route=\/wp\/v2\/types\/post"}],"author":[{"embeddable":true,"href":"https:\/\/aytoelmaillo.org\/index.php?rest_route=\/wp\/v2\/users\/1"}],"replies":[{"embeddable":true,"href":"https:\/\/aytoelmaillo.org\/index.php?rest_route=%2Fwp%2Fv2%2Fcomments&post=1016"}],"version-history":[{"count":2,"href":"https:\/\/aytoelmaillo.org\/index.php?rest_route=\/wp\/v2\/posts\/1016\/revisions"}],"predecessor-version":[{"id":1020,"href":"https:\/\/aytoelmaillo.org\/index.php?rest_route=\/wp\/v2\/posts\/1016\/revisions\/1020"}],"wp:attachment":[{"href":"https:\/\/aytoelmaillo.org\/index.php?rest_route=%2Fwp%2Fv2%2Fmedia&parent=1016"}],"wp:term":[{"taxonomy":"category","embeddable":true,"href":"https:\/\/aytoelmaillo.org\/index.php?rest_route=%2Fwp%2Fv2%2Fcategories&post=1016"},{"taxonomy":"post_tag","embeddable":true,"href":"https:\/\/aytoelmaillo.org\/index.php?rest_route=%2Fwp%2Fv2%2Ftags&post=1016"}],"curies":[{"name":"wp","href":"https:\/\/api.w.org\/{rel}","templated":true}]}}